{"id":63325,"date":"2024-12-03T23:55:38","date_gmt":"2024-12-04T06:55:38","guid":{"rendered":"https:\/\/elpajaritonews.com\/?p=63325"},"modified":"2024-12-03T23:55:41","modified_gmt":"2024-12-04T06:55:41","slug":"impulsa-presidenta-claudia-sheinbaum-plan-sonora-con-la-coordinacion-de-litio-mx-sener-pemex-y-cfe","status":"publish","type":"post","link":"https:\/\/elpajaritonews.com\/?p=63325","title":{"rendered":"IMPULSA PRESIDENTA CLAUDIA SHEINBAUM PLAN SONORA CON LA COORDINACI\u00d3N DE LITIO MX, SENER, PEMEX Y CFE"},"content":{"rendered":"\n<p class=\"wp-block-paragraph\">La Presidenta de M\u00e9xico, Claudia Sheinbaum Pardo inform\u00f3 que el gobierno federal continuar\u00e1 apoyando al organismo p\u00fablico descentralizado LitioMx para detonar el desarrollo energ\u00e9tico en el pa\u00eds como parte del Plan Sonora y destac\u00f3 el trabajo coordinado con Petr\u00f3leos Mexicanos (PEMEX), la Comisi\u00f3n Federal de Electricidad (CFE) y la Secretar\u00eda de Energ\u00eda.<\/p>\n\n\n\n<p class=\"wp-block-paragraph\">\u201cS\u00ed vamos a seguir apoyando Litio MX y ahora tambi\u00e9n queremos que se vincule con PEMEX, hoy hay muy buena relaci\u00f3n entre la secretaria de Energ\u00eda, hist\u00f3ricamente PEMEX y CFE trabajan por su cuenta y la Secretar\u00eda coordina y ahora les he pedido que sean un solo equipo coordinando y lo est\u00e1n haciendo muy bien y ah\u00ed tambi\u00e9n est\u00e1 Litio MX\u201d, inform\u00f3 desde su conferencia matutina \u201cLas ma\u00f1aneras del pueblo\u201d.<\/p>\n\n\n\n<figure class=\"wp-block-image size-full\"><img loading=\"lazy\" decoding=\"async\" width=\"512\" height=\"340\" src=\"https:\/\/elpajaritonews.com\/wp-content\/uploads\/2024\/12\/download.jpg\" alt=\"\" class=\"wp-image-63327\" srcset=\"https:\/\/elpajaritonews.com\/wp-content\/uploads\/2024\/12\/download.jpg 512w, https:\/\/elpajaritonews.com\/wp-content\/uploads\/2024\/12\/download-300x200.jpg 300w\" sizes=\"auto, (max-width: 512px) 100vw, 512px\" \/><\/figure>\n\n\n\n<p class=\"wp-block-paragraph\">Explic\u00f3 que en este momento, LitioMx y la Secretar\u00eda de Energ\u00eda trabajan en un proyecto para hacer masiva la extracci\u00f3n de litio en Sonora, ya que a diferencia de Sudam\u00e9rica, en M\u00e9xico este mineral est\u00e1 mezclado con arcilla y la \u00fanica forma de obtenerlo es a trav\u00e9s de dos m\u00e9todos patentados, uno por el Instituto Mexicano del Petr\u00f3leo y el otro por el Consejo Nacional de Humanidades, Ciencia y Tecnolog\u00edas (Conahcyt).<\/p>\n\n\n\n<p class=\"wp-block-paragraph\">Agreg\u00f3 que parte del Plan Sonora van alineados con proyectos a cargo de la Secretar\u00eda de Ciencia, Humanidades, Tecnolog\u00eda e Innovaci\u00f3n como son la producci\u00f3n del veh\u00edculo el\u00e9ctrico, drones desarrollados en M\u00e9xico, semiconductores, entre otros.<\/p>\n","protected":false},"excerpt":{"rendered":"<p>La Presidenta de M\u00e9xico, Claudia Sheinbaum Pardo inform\u00f3 que el gobierno federal continuar\u00e1 apoyando al organismo p\u00fablico descentralizado LitioMx para detonar el desarrollo energ\u00e9tico en el pa\u00eds como parte del Plan Sonora y destac\u00f3 el trabajo coordinado con Petr\u00f3leos Mexicanos (PEMEX), la Comisi\u00f3n Federal de Electricidad (CFE) y la Secretar\u00eda de Energ\u00eda. \u201cS\u00ed vamos a&#8230;<\/p>\n","protected":false},"author":2,"featured_media":63326,"comment_status":"closed","ping_status":"closed","sticky":false,"template":"","format":"standard","meta":{"_crdt_document":"","_exactmetrics_skip_tracking":false,"_exactmetrics_sitenote_active":false,"_exactmetrics_sitenote_note":"","_exactmetrics_sitenote_category":0,"footnotes":""},"categories":[36,37,23,31,27,69],"tags":[72,76,30],"class_list":["post-63325","post","type-post","status-publish","format-standard","has-post-thumbnail","hentry","category-economia","category-medio-ambiente","category-mexico","category-politica","category-sonora","category-ultimas-noticias","tag-claudia-sheinbaum","tag-medio-ambiente","tag-sonora-tierra-de-oportunidades"],"_links":{"self":[{"href":"https:\/\/elpajaritonews.com\/index.php?rest_route=\/wp\/v2\/posts\/63325","targetHints":{"allow":["GET"]}}],"collection":[{"href":"https:\/\/elpajaritonews.com\/index.php?rest_route=\/wp\/v2\/posts"}],"about":[{"href":"https:\/\/elpajaritonews.com\/index.php?rest_route=\/wp\/v2\/types\/post"}],"author":[{"embeddable":true,"href":"https:\/\/elpajaritonews.com\/index.php?rest_route=\/wp\/v2\/users\/2"}],"replies":[{"embeddable":true,"href":"https:\/\/elpajaritonews.com\/index.php?rest_route=%2Fwp%2Fv2%2Fcomments&post=63325"}],"version-history":[{"count":1,"href":"https:\/\/elpajaritonews.com\/index.php?rest_route=\/wp\/v2\/posts\/63325\/revisions"}],"predecessor-version":[{"id":63328,"href":"https:\/\/elpajaritonews.com\/index.php?rest_route=\/wp\/v2\/posts\/63325\/revisions\/63328"}],"wp:featuredmedia":[{"embeddable":true,"href":"https:\/\/elpajaritonews.com\/index.php?rest_route=\/wp\/v2\/media\/63326"}],"wp:attachment":[{"href":"https:\/\/elpajaritonews.com\/index.php?rest_route=%2Fwp%2Fv2%2Fmedia&parent=63325"}],"wp:term":[{"taxonomy":"category","embeddable":true,"href":"https:\/\/elpajaritonews.com\/index.php?rest_route=%2Fwp%2Fv2%2Fcategories&post=63325"},{"taxonomy":"post_tag","embeddable":true,"href":"https:\/\/elpajaritonews.com\/index.php?rest_route=%2Fwp%2Fv2%2Ftags&post=63325"}],"curies":[{"name":"wp","href":"https:\/\/api.w.org\/{rel}","templated":true}]}}