{"id":63387,"date":"2024-12-05T20:14:08","date_gmt":"2024-12-06T03:14:08","guid":{"rendered":"https:\/\/elpajaritonews.com\/?p=63387"},"modified":"2024-12-05T20:14:10","modified_gmt":"2024-12-06T03:14:10","slug":"presupuesto-2025-brindara-bienestar-y-desarrollo-en-sonora-david-figueroa-ortega","status":"publish","type":"post","link":"https:\/\/elpajaritonews.com\/?p=63387","title":{"rendered":"\u201cPRESUPUESTO 2025 BRINDAR\u00c1 BIENESTAR Y DESARROLLO EN SONORA\u201d: DAVID FIGUEROA ORTEGA"},"content":{"rendered":"\n<p class=\"wp-block-paragraph\">El presupuesto del estado para el ejercicio fiscal 2025 es el m\u00e1s grande de la historia, equitativo e incluyente que brindar\u00e1 bienestar y desarrollo en Sonora, destac\u00f3 el diputado David Figueroa Ortega.<\/p>\n\n\n\n<p class=\"wp-block-paragraph\">Al dar a conocer el posicionamiento de su bancada, el coordinador del Grupo Parlamentario del Partido Verde Ecologista de M\u00e9xico (PVEM) apunt\u00f3 que el documento \u201cno s\u00f3lo refleja cifras y montos, sino que se alinea directamente con los ejes rectores del Plan Estatal de Desarrollo; es una herramienta que debe guiarnos hacia un gobierno m\u00e1s incluyente, justo y eficiente, con el objetivo claro de garantizar el bienestar y desarrollo de todas las personas en nuestro estado\u201d.<\/p>\n\n\n\n<figure class=\"wp-block-image size-full\"><img loading=\"lazy\" decoding=\"async\" width=\"799\" height=\"434\" src=\"https:\/\/elpajaritonews.com\/wp-content\/uploads\/2024\/12\/6f3f3c30-b1cf-433a-9a1d-b38dd8e11083.jpg\" alt=\"\" class=\"wp-image-63389\" srcset=\"https:\/\/elpajaritonews.com\/wp-content\/uploads\/2024\/12\/6f3f3c30-b1cf-433a-9a1d-b38dd8e11083.jpg 799w, https:\/\/elpajaritonews.com\/wp-content\/uploads\/2024\/12\/6f3f3c30-b1cf-433a-9a1d-b38dd8e11083-300x163.jpg 300w, https:\/\/elpajaritonews.com\/wp-content\/uploads\/2024\/12\/6f3f3c30-b1cf-433a-9a1d-b38dd8e11083-768x417.jpg 768w\" sizes=\"auto, (max-width: 799px) 100vw, 799px\" \/><\/figure>\n\n\n\n<p class=\"wp-block-paragraph\">Inform\u00f3 que el presupuesto proyectado asciende a 89 mil 198 millones de pesos, con un incremento de siete mil 46 millones de pesos respecto al ejercicio 2024, lo que representa un crecimiento del 7.9 por ciento. \u201cEste aumento no es casualidad, sino el resultado de una planeaci\u00f3n estrat\u00e9gica orientada a fortalecer \u00e1reas clave como el desarrollo social, la seguridad, la educaci\u00f3n y la salud, siempre bajo el marco del Plan Estatal de Desarrollo\u201d, dijo.<\/p>\n\n\n\n<p class=\"wp-block-paragraph\">El legislador expuso que el presupuesto refleja un aumento de mil 170 millones de pesos, equivalente a un 2.4 por ciento m\u00e1s que en 2024, para asegurar que los recursos sean destinados de manera equitativa y eficiente, con atenci\u00f3n prioritaria a los sectores m\u00e1s vulnerables.<\/p>\n\n\n\n<p class=\"wp-block-paragraph\">Describi\u00f3 que con un aumento de 466 millones de pesos, el presupuesto social 2025 se consolida como el m\u00e1s grande en la historia de nuestro estado; este incremento no s\u00f3lo respalda programas que combaten la pobreza y mejoran la calidad de vida, sino que tambi\u00e9n refuerza la misi\u00f3n de construir un Sonora m\u00e1s equitativo y solidario.<\/p>\n\n\n\n<p class=\"wp-block-paragraph\">Figueroa Ortega expres\u00f3 que otro logro significativo es el aumento de 41.7 millones de pesos, equivalente a un 3.8 por ciento m\u00e1s que en 2024, destinados a garantizar la igualdad efectiva de derechos; as\u00ed como el incremento de cinco mil 330 millones de pesos en \u00e1reas relacionadas con la coordinaci\u00f3n entre desarrollo y seguridad, equivalente al 34.7 por ciento.<\/p>\n\n\n\n<p class=\"wp-block-paragraph\">El diputado David Figueroa dijo, adem\u00e1s, que la asignaci\u00f3n de 830 millones de pesos para becas, \u00fatiles y uniformes escolares, as\u00ed como los recursos destinados a programas de salud y vivienda, son prueba de que la educaci\u00f3n y la salud son prioridades fundamentales para el Gobierno de Sonora.<\/p>\n","protected":false},"excerpt":{"rendered":"<p>El presupuesto del estado para el ejercicio fiscal 2025 es el m\u00e1s grande de la historia, equitativo e incluyente que brindar\u00e1 bienestar y desarrollo en Sonora, destac\u00f3 el diputado David Figueroa Ortega. Al dar a conocer el posicionamiento de su bancada, el coordinador del Grupo Parlamentario del Partido Verde Ecologista de M\u00e9xico (PVEM) apunt\u00f3 que&#8230;<\/p>\n","protected":false},"author":2,"featured_media":63388,"comment_status":"closed","ping_status":"closed","sticky":false,"template":"","format":"standard","meta":{"_crdt_document":"","_exactmetrics_skip_tracking":false,"_exactmetrics_sitenote_active":false,"_exactmetrics_sitenote_note":"","_exactmetrics_sitenote_category":0,"footnotes":""},"categories":[20,36,31,27,69],"tags":[71,73,30],"class_list":["post-63387","post","type-post","status-publish","format-standard","has-post-thumbnail","hentry","category-congreso","category-economia","category-politica","category-sonora","category-ultimas-noticias","tag-alfonso-durazo","tag-congreso-del-estado-de-sonora","tag-sonora-tierra-de-oportunidades"],"_links":{"self":[{"href":"https:\/\/elpajaritonews.com\/index.php?rest_route=\/wp\/v2\/posts\/63387","targetHints":{"allow":["GET"]}}],"collection":[{"href":"https:\/\/elpajaritonews.com\/index.php?rest_route=\/wp\/v2\/posts"}],"about":[{"href":"https:\/\/elpajaritonews.com\/index.php?rest_route=\/wp\/v2\/types\/post"}],"author":[{"embeddable":true,"href":"https:\/\/elpajaritonews.com\/index.php?rest_route=\/wp\/v2\/users\/2"}],"replies":[{"embeddable":true,"href":"https:\/\/elpajaritonews.com\/index.php?rest_route=%2Fwp%2Fv2%2Fcomments&post=63387"}],"version-history":[{"count":1,"href":"https:\/\/elpajaritonews.com\/index.php?rest_route=\/wp\/v2\/posts\/63387\/revisions"}],"predecessor-version":[{"id":63390,"href":"https:\/\/elpajaritonews.com\/index.php?rest_route=\/wp\/v2\/posts\/63387\/revisions\/63390"}],"wp:featuredmedia":[{"embeddable":true,"href":"https:\/\/elpajaritonews.com\/index.php?rest_route=\/wp\/v2\/media\/63388"}],"wp:attachment":[{"href":"https:\/\/elpajaritonews.com\/index.php?rest_route=%2Fwp%2Fv2%2Fmedia&parent=63387"}],"wp:term":[{"taxonomy":"category","embeddable":true,"href":"https:\/\/elpajaritonews.com\/index.php?rest_route=%2Fwp%2Fv2%2Fcategories&post=63387"},{"taxonomy":"post_tag","embeddable":true,"href":"https:\/\/elpajaritonews.com\/index.php?rest_route=%2Fwp%2Fv2%2Ftags&post=63387"}],"curies":[{"name":"wp","href":"https:\/\/api.w.org\/{rel}","templated":true}]}}