{"id":63407,"date":"2024-12-07T11:51:35","date_gmt":"2024-12-07T18:51:35","guid":{"rendered":"https:\/\/elpajaritonews.com\/?p=63407"},"modified":"2024-12-07T11:51:38","modified_gmt":"2024-12-07T18:51:38","slug":"debe-salinas-pliego-pagar-los-impuestos-que-adeuda-sheinbaum","status":"publish","type":"post","link":"https:\/\/elpajaritonews.com\/?p=63407","title":{"rendered":"DEBE SALINAS PLIEGO PAGAR LOS IMPUESTOS QUE ADEUDA: SHEINBAUM"},"content":{"rendered":"\n<p class=\"wp-block-paragraph\">La presidenta Claudia Sheinbaum Pardo asegur\u00f3 que no se confrontar\u00e1 con el empresario Ricardo Salinas Pliego, al ser interrogada sobre el lenguaje clasista y violento que el empresario utiliza contra la izquierda y el gobierno, pero va a tener que pagar los impuestos que debe. O sea, a lo mejor se tarda la justicia, pero siempre llega.<\/p>\n\n\n\n<p class=\"wp-block-paragraph\">A pregunta expresa, con iron\u00eda respondi\u00f3 que el empresario ya no tiene ni tanto poder, pues bajaron un mont\u00f3n las acciones de Elektra.<\/p>\n\n\n\n<p class=\"wp-block-paragraph\">\u2013\u00bfQu\u00e9 le dir\u00eda cuando intenta deslegitimar su mandato con ese tipo de expresiones? \u2013se le pregunt\u00f3 en su habitual conferencia de prensa.<\/p>\n\n\n\n<p class=\"wp-block-paragraph\">\u2013Tiene un estilo y tampoco vamos a estar cayendo ah\u00ed en la\u2026 \u00c9l est\u00e1 buscando cobertura, yo creo, en algunos lugares, porque va a tener que pagar los impuestos que debe. O sea, a lo mejor se tarda la justicia, pero siempre llega.<\/p>\n\n\n\n<p class=\"wp-block-paragraph\">Entonces, continu\u00f3, \u00e9l, como cualquier ciudadano mexicano, tiene que pagar al fisco.<\/p>\n\n\n\n<p class=\"wp-block-paragraph\">La mandataria afirm\u00f3 que no va a entrar a ese debate con el empresario, pero no le est\u00e1 ayudando, la verdad, pues vean las acciones, c\u00f3mo cayeron.<\/p>\n\n\n\n<p class=\"wp-block-paragraph\">El lunes pasado, los t\u00edtulos de Elek-tra se desplomaron 71 por ciento en la Bolsa Mexicana de Valores. El martes tuvieron una recuperaci\u00f3n de 4.8 por ciento y quedaron en 287.42 pesos, muy lejos de los 944.95 que ten\u00edan en julio.<\/p>\n\n\n\n<p class=\"wp-block-paragraph\">Las firmas propiedad del empresario Ricardo Salinas Pliego adeudan al Servicio de Administraci\u00f3n Tributaria (SAT) m\u00e1s de 63 mil millones de pesos, de acuerdo con datos oficiales.<\/p>\n\n\n\n<p class=\"wp-block-paragraph\">Seg\u00fan informaci\u00f3n del organismo encargado de recaudar los impuestos en el pa\u00eds, los pasivos corresponden a los cr\u00e9ditos de los ejercicios 2008, 2010, 2011, 2012 y 2013 de Grupo Elektra; los pr\u00e9stamos de los ejercicios 2010, 2012 y 2014 de Nueva Elektra, y de 2009, 2010 y 2013 para Tv Azteca.<\/p>\n\n\n\n<p class=\"wp-block-paragraph\">Del total del adeudo a la oficina dependiente de la Secretar\u00eda de Hacienda, m\u00e1s de 53 mil millones de pesos corresponden a juicios fiscales, mientras otros 10 mil millones por cr\u00e9ditos fiscales.<\/p>\n\n\n\n<p class=\"wp-block-paragraph\">Poco m\u00e1s de 90 por ciento de los 63 mil millones de pesos est\u00e1n relacionados con la figura de consolidaci\u00f3n fiscal, puesta en pr\u00e1ctica para otorgar a los contribuyentes la posibilidad de compensar ganancias y p\u00e9rdidas de un solo grupo, tener un resultado \u00fanico y permit\u00eda diferir o aplazar el pago del impuesto sobre la renta (ISR), aunque no cancelaba las responsabilidades con Hacienda.<\/p>\n\n\n\n<p class=\"wp-block-paragraph\">Al menos cuatro empresas del tercer hombre m\u00e1s acaudalado del pa\u00eds son las que est\u00e1n involucradas en los adeudos.<\/p>\n\n\n\n<p class=\"wp-block-paragraph\">En meses recientes, la administraci\u00f3n federal hizo p\u00fablico el expediente de todos los juicios que se siguen a las firmas que forman parte de Grupo Salinas. Uno de los adeudos sumaba varios casos, por lo que el monto del cr\u00e9dito fiscal era de m\u00e1s de 2 mil 636 millones de pesos por concepto de ISR, correspondiente al ejercicio fiscal del primero de enero al 31 de diciembre de 2006.<\/p>\n\n\n\n<p class=\"wp-block-paragraph\">Datos recientes del SAT indican que Grupo Salinas pag\u00f3 durante la administraci\u00f3n del presidente Andr\u00e9s Manuel L\u00f3pez Obrador 4 mil 868 millones de pesos, pero deb\u00eda 63 mil millones.<\/p>\n","protected":false},"excerpt":{"rendered":"<p>La presidenta Claudia Sheinbaum Pardo asegur\u00f3 que no se confrontar\u00e1 con el empresario Ricardo Salinas Pliego, al ser interrogada sobre el lenguaje clasista y violento que el empresario utiliza contra la izquierda y el gobierno, pero va a tener que pagar los impuestos que debe. O sea, a lo mejor se tarda la justicia, pero&#8230;<\/p>\n","protected":false},"author":2,"featured_media":63272,"comment_status":"closed","ping_status":"closed","sticky":false,"template":"","format":"standard","meta":{"_crdt_document":"","_exactmetrics_skip_tracking":false,"_exactmetrics_sitenote_active":false,"_exactmetrics_sitenote_note":"","_exactmetrics_sitenote_category":0,"footnotes":""},"categories":[36,88,31,27,69],"tags":[79,72],"class_list":["post-63407","post","type-post","status-publish","format-standard","has-post-thumbnail","hentry","category-economia","category-justicia","category-politica","category-sonora","category-ultimas-noticias","tag-andres-manuel-lopez-obrador","tag-claudia-sheinbaum"],"_links":{"self":[{"href":"https:\/\/elpajaritonews.com\/index.php?rest_route=\/wp\/v2\/posts\/63407","targetHints":{"allow":["GET"]}}],"collection":[{"href":"https:\/\/elpajaritonews.com\/index.php?rest_route=\/wp\/v2\/posts"}],"about":[{"href":"https:\/\/elpajaritonews.com\/index.php?rest_route=\/wp\/v2\/types\/post"}],"author":[{"embeddable":true,"href":"https:\/\/elpajaritonews.com\/index.php?rest_route=\/wp\/v2\/users\/2"}],"replies":[{"embeddable":true,"href":"https:\/\/elpajaritonews.com\/index.php?rest_route=%2Fwp%2Fv2%2Fcomments&post=63407"}],"version-history":[{"count":1,"href":"https:\/\/elpajaritonews.com\/index.php?rest_route=\/wp\/v2\/posts\/63407\/revisions"}],"predecessor-version":[{"id":63408,"href":"https:\/\/elpajaritonews.com\/index.php?rest_route=\/wp\/v2\/posts\/63407\/revisions\/63408"}],"wp:featuredmedia":[{"embeddable":true,"href":"https:\/\/elpajaritonews.com\/index.php?rest_route=\/wp\/v2\/media\/63272"}],"wp:attachment":[{"href":"https:\/\/elpajaritonews.com\/index.php?rest_route=%2Fwp%2Fv2%2Fmedia&parent=63407"}],"wp:term":[{"taxonomy":"category","embeddable":true,"href":"https:\/\/elpajaritonews.com\/index.php?rest_route=%2Fwp%2Fv2%2Fcategories&post=63407"},{"taxonomy":"post_tag","embeddable":true,"href":"https:\/\/elpajaritonews.com\/index.php?rest_route=%2Fwp%2Fv2%2Ftags&post=63407"}],"curies":[{"name":"wp","href":"https:\/\/api.w.org\/{rel}","templated":true}]}}