{"id":63432,"date":"2024-12-10T21:38:45","date_gmt":"2024-12-11T04:38:45","guid":{"rendered":"https:\/\/elpajaritonews.com\/?p=63432"},"modified":"2024-12-10T21:38:46","modified_gmt":"2024-12-11T04:38:46","slug":"gobiernos-de-sonora-y-arizona-implementan-foro-consular-para-fortalecer-el-desarrollo-de-la-megarregion","status":"publish","type":"post","link":"https:\/\/elpajaritonews.com\/?p=63432","title":{"rendered":"GOBIERNOS DE SONORA Y ARIZONA IMPLEMENTAN FORO CONSULAR PARA FORTALECER EL DESARROLLO DE LA MEGARREGI\u00d3N"},"content":{"rendered":"\n<p class=\"wp-block-paragraph\">* En representaci\u00f3n del gobernador Alfonso Durazo, la jefa de la Oficina del Ejecutivo Estatal, Paulina Oca\u00f1a, encabez\u00f3 el inicio del Foro Consular Arizona-Sonora: Cultura, Econom\u00eda y Educaci\u00f3n para una Megarregi\u00f3n Sostenible.<\/p>\n\n\n\n<p class=\"wp-block-paragraph\">* La funcionaria estatal destac\u00f3 que el Plan Sonora se alinea con las necesidades de ambas entidades para impulsar el crecimiento econ\u00f3mico, educativo y profesional de la Megarregi\u00f3n.<\/p>\n\n\n\n<p class=\"wp-block-paragraph\">* Puntualiz\u00f3 que la relaci\u00f3n entre Sonora y Arizona es un modelo a seguir para el desarrollo de la relaci\u00f3n binacional entre M\u00e9xico y Estados Unidos.<\/p>\n\n\n\n<p class=\"wp-block-paragraph\">El Plan Sonora integra el desarrollo del talento humano, la sostenibilidad y la innovaci\u00f3n como factores clave para fortalecer el progreso de la Megarregi\u00f3n Sonora-Arizona, subray\u00f3 la jefa de la Oficina del Ejecutivo Estatal, Paulina Oca\u00f1a, al encabezar, en representaci\u00f3n del gobernador Alfonso Durazo, el inicio del Foro Consular Arizona-Sonora: Cultura, Econom\u00eda y Educaci\u00f3n para una Megarregi\u00f3n Sostenible.<\/p>\n\n\n\n<p class=\"wp-block-paragraph\">Oca\u00f1a Encinas enfatiz\u00f3 que, para el gobernador Durazo, el Plan Sonora de Energ\u00edas Sostenibles es el proyecto clave para potenciar el desarrollo de ambas entidades. Este plan no solo funciona como un puente para el crecimiento de la relaci\u00f3n entre Sonora y Arizona, sino que tambi\u00e9n representa un modelo a seguir para fortalecer la relaci\u00f3n binacional entre M\u00e9xico y Estados Unidos.<\/p>\n\n\n\n<p class=\"wp-block-paragraph\">\u201cSonora y Arizona, m\u00e1s que vecinos, somos grandes aliados que compartimos historia y, sobre todo, un prop\u00f3sito com\u00fan: convertir la sostenibilidad y la innovaci\u00f3n en los cimientos de nuestra Megarregi\u00f3n. Como dijo nuestro gobernador en la pasada Comisi\u00f3n Sonora-Arizona: nuestra frontera no nos divide, nos une\u201d, enfatiz\u00f3.<\/p>\n\n\n\n<p class=\"wp-block-paragraph\">Este tipo de paneles son de vital importancia para crear alianzas y estrategias conjuntas, asegurando que el trabajo entre Sonora y Arizona no se quede solo en buenas intenciones, sino que genere resultados concretos. La jefa de la Oficina del Ejecutivo Estatal subray\u00f3 que estos foros permiten unir a la iniciativa privada, las organizaciones e instituciones con los esfuerzos gubernamentales, en beneficio del desarrollo competitivo y resiliente a nivel binacional.<\/p>\n\n\n\n<p class=\"wp-block-paragraph\">Durante el inicio de los trabajos del Foro Consular participaron tambi\u00e9n Jorge Mendoza Yescas, c\u00f3nsul general de M\u00e9xico en Phoenix; Rafael Barcel\u00f3 Durazo, c\u00f3nsul general de M\u00e9xico en Tucson; Dulce Mar\u00eda Valle \u00c1lvarez, c\u00f3nsul general de M\u00e9xico en Yuma; Marcos Moreno B\u00e1ez, c\u00f3nsul general de M\u00e9xico en Nogales; Rita Vargas Torregrosa, c\u00f3nsul de M\u00e9xico en Douglas; Tim Starter, c\u00f3nsul general de Estados Unidos en Hermosillo; y Michelle Ward, c\u00f3nsul general de Estados Unidos en Nogales.<\/p>\n","protected":false},"excerpt":{"rendered":"<p>* En representaci\u00f3n del gobernador Alfonso Durazo, la jefa de la Oficina del Ejecutivo Estatal, Paulina Oca\u00f1a, encabez\u00f3 el inicio del Foro Consular Arizona-Sonora: Cultura, Econom\u00eda y Educaci\u00f3n para una Megarregi\u00f3n Sostenible. * La funcionaria estatal destac\u00f3 que el Plan Sonora se alinea con las necesidades de ambas entidades para impulsar el crecimiento econ\u00f3mico, educativo&#8230;<\/p>\n","protected":false},"author":2,"featured_media":63433,"comment_status":"closed","ping_status":"closed","sticky":false,"template":"","format":"standard","meta":{"_crdt_document":"","_exactmetrics_skip_tracking":false,"_exactmetrics_sitenote_active":false,"_exactmetrics_sitenote_note":"","_exactmetrics_sitenote_category":0,"footnotes":""},"categories":[17,36,89,23,31,27],"tags":[71,30],"class_list":["post-63432","post","type-post","status-publish","format-standard","has-post-thumbnail","hentry","category-arizona","category-economia","category-estados-unidos","category-mexico","category-politica","category-sonora","tag-alfonso-durazo","tag-sonora-tierra-de-oportunidades"],"_links":{"self":[{"href":"https:\/\/elpajaritonews.com\/index.php?rest_route=\/wp\/v2\/posts\/63432","targetHints":{"allow":["GET"]}}],"collection":[{"href":"https:\/\/elpajaritonews.com\/index.php?rest_route=\/wp\/v2\/posts"}],"about":[{"href":"https:\/\/elpajaritonews.com\/index.php?rest_route=\/wp\/v2\/types\/post"}],"author":[{"embeddable":true,"href":"https:\/\/elpajaritonews.com\/index.php?rest_route=\/wp\/v2\/users\/2"}],"replies":[{"embeddable":true,"href":"https:\/\/elpajaritonews.com\/index.php?rest_route=%2Fwp%2Fv2%2Fcomments&post=63432"}],"version-history":[{"count":1,"href":"https:\/\/elpajaritonews.com\/index.php?rest_route=\/wp\/v2\/posts\/63432\/revisions"}],"predecessor-version":[{"id":63434,"href":"https:\/\/elpajaritonews.com\/index.php?rest_route=\/wp\/v2\/posts\/63432\/revisions\/63434"}],"wp:featuredmedia":[{"embeddable":true,"href":"https:\/\/elpajaritonews.com\/index.php?rest_route=\/wp\/v2\/media\/63433"}],"wp:attachment":[{"href":"https:\/\/elpajaritonews.com\/index.php?rest_route=%2Fwp%2Fv2%2Fmedia&parent=63432"}],"wp:term":[{"taxonomy":"category","embeddable":true,"href":"https:\/\/elpajaritonews.com\/index.php?rest_route=%2Fwp%2Fv2%2Fcategories&post=63432"},{"taxonomy":"post_tag","embeddable":true,"href":"https:\/\/elpajaritonews.com\/index.php?rest_route=%2Fwp%2Fv2%2Ftags&post=63432"}],"curies":[{"name":"wp","href":"https:\/\/api.w.org\/{rel}","templated":true}]}}