{"id":63447,"date":"2024-12-11T15:44:09","date_gmt":"2024-12-11T22:44:09","guid":{"rendered":"https:\/\/elpajaritonews.com\/?p=63447"},"modified":"2024-12-11T15:44:11","modified_gmt":"2024-12-11T22:44:11","slug":"avanza-gobernador-durazo-con-proyectos-del-plan-sonora-en-coordinacion-con-la-secretaria-de-energia","status":"publish","type":"post","link":"https:\/\/elpajaritonews.com\/?p=63447","title":{"rendered":"AVANZA GOBERNADOR DURAZO CON PROYECTOS DEL PLAN SONORA EN COORDINACI\u00d3N CON LA SECRETAR\u00cdA DE ENERG\u00cdA"},"content":{"rendered":"\n<p class=\"wp-block-paragraph\">&nbsp;&nbsp;&nbsp;&nbsp;&nbsp;&nbsp;&nbsp;&nbsp;&nbsp;&nbsp;&nbsp;&nbsp;&nbsp;&nbsp; \u2022&nbsp;&nbsp;&nbsp;&nbsp;&nbsp;&nbsp;&nbsp;&nbsp;&nbsp;&nbsp;&nbsp;&nbsp; Se dio seguimiento a las vertientes que conforman el Plan Sonora de Energ\u00edas Sostenibles.<\/p>\n\n\n\n<p class=\"wp-block-paragraph\">&nbsp;&nbsp;&nbsp;&nbsp;&nbsp;&nbsp;&nbsp;&nbsp;&nbsp;&nbsp;&nbsp;&nbsp;&nbsp;&nbsp; \u2022&nbsp;&nbsp;&nbsp;&nbsp;&nbsp;&nbsp;&nbsp;&nbsp;&nbsp;&nbsp;&nbsp;&nbsp; Sonora se coloca a la vanguardia mundial en la descarbonizaci\u00f3n de la econom\u00eda.<\/p>\n\n\n\n<p class=\"wp-block-paragraph\">&nbsp;&nbsp;&nbsp;&nbsp;&nbsp;&nbsp;&nbsp;&nbsp;&nbsp;&nbsp;&nbsp;&nbsp;&nbsp;&nbsp; \u2022&nbsp;&nbsp;&nbsp;&nbsp;&nbsp;&nbsp;&nbsp;&nbsp;&nbsp;&nbsp;&nbsp;&nbsp; Destacan la licuefacci\u00f3n de gas natural y el aprovechamiento de la energ\u00eda solar.<\/p>\n\n\n\n<p class=\"wp-block-paragraph\">El Plan Sonora de Energ\u00edas Sostenibles es la principal apuesta del Gobierno de M\u00e9xico para contribuir a la descarbonizaci\u00f3n de la econom\u00eda global y hacer frente al flagelo del cambio clim\u00e1tico, afirm\u00f3 el gobernador Alfonso Durazo Monta\u00f1o durante una reuni\u00f3n con Luz Elena Gonz\u00e1lez Escobar, secretaria de Energ\u00eda (SENER), en la que dieron seguimiento a los proyectos contemplados para 2025.<\/p>\n\n\n\n<p class=\"wp-block-paragraph\">El mandatario sonorense, en el marco de un extenso itinerario de trabajo y seguimiento de las vertientes que integran el Plan Sonora, acord\u00f3 con la titular de la SENER una agenda conjunta para garantizar la continuidad de los proyectos que posicionen a la entidad como l\u00edder mundial en desarrollo sustentable.<\/p>\n\n\n\n<p class=\"wp-block-paragraph\">\u201cAvanzamos en los proyectos energ\u00e9ticos y de prosperidad que impulsamos con el Plan Sonora de Energ\u00edas Sostenibles en beneficio de las y los sonorenses\u201d, indic\u00f3.<\/p>\n\n\n\n<p class=\"wp-block-paragraph\">El gobernador Durazo destac\u00f3 que, gracias al Plan Sonora, se concret\u00f3 la mayor inversi\u00f3n energ\u00e9tica privada en M\u00e9xico: una planta de gas natural licuado en Puerto Libertad con un monto de 15 mil millones de d\u00f3lares, as\u00ed como otro proyecto en Guaymas con m\u00e1s de 6 mil millones de d\u00f3lares.<\/p>\n\n\n\n<p class=\"wp-block-paragraph\">La Central Fotovoltaica \u201cRafael Galv\u00e1n\u201d, en Puerto Pe\u00f1asco, se consolida como el principal proyecto mexicano para el aprovechamiento de la energ\u00eda solar, con una inversi\u00f3n de 424 millones de d\u00f3lares en su primera etapa y 840 millones de d\u00f3lares en su segunda etapa. Este desarrollo beneficiar\u00e1 a 160 mil 800 hogares al concluirse el proyecto.<\/p>\n","protected":false},"excerpt":{"rendered":"<p>&nbsp;&nbsp;&nbsp;&nbsp;&nbsp;&nbsp;&nbsp;&nbsp;&nbsp;&nbsp;&nbsp;&nbsp;&nbsp;&nbsp; \u2022&nbsp;&nbsp;&nbsp;&nbsp;&nbsp;&nbsp;&nbsp;&nbsp;&nbsp;&nbsp;&nbsp;&nbsp; Se dio seguimiento a las vertientes que conforman el Plan Sonora de Energ\u00edas Sostenibles. &nbsp;&nbsp;&nbsp;&nbsp;&nbsp;&nbsp;&nbsp;&nbsp;&nbsp;&nbsp;&nbsp;&nbsp;&nbsp;&nbsp; \u2022&nbsp;&nbsp;&nbsp;&nbsp;&nbsp;&nbsp;&nbsp;&nbsp;&nbsp;&nbsp;&nbsp;&nbsp; Sonora se coloca a la vanguardia mundial en la descarbonizaci\u00f3n de la econom\u00eda. &nbsp;&nbsp;&nbsp;&nbsp;&nbsp;&nbsp;&nbsp;&nbsp;&nbsp;&nbsp;&nbsp;&nbsp;&nbsp;&nbsp; \u2022&nbsp;&nbsp;&nbsp;&nbsp;&nbsp;&nbsp;&nbsp;&nbsp;&nbsp;&nbsp;&nbsp;&nbsp; Destacan la licuefacci\u00f3n de gas natural y el aprovechamiento de la energ\u00eda solar. El Plan Sonora de Energ\u00edas Sostenibles es la principal&#8230;<\/p>\n","protected":false},"author":2,"featured_media":63448,"comment_status":"closed","ping_status":"closed","sticky":false,"template":"","format":"standard","meta":{"_crdt_document":"","_exactmetrics_skip_tracking":false,"_exactmetrics_sitenote_active":false,"_exactmetrics_sitenote_note":"","_exactmetrics_sitenote_category":0,"footnotes":""},"categories":[36,23,31,27,69],"tags":[71,72,76,29,30],"class_list":["post-63447","post","type-post","status-publish","format-standard","has-post-thumbnail","hentry","category-economia","category-mexico","category-politica","category-sonora","category-ultimas-noticias","tag-alfonso-durazo","tag-claudia-sheinbaum","tag-medio-ambiente","tag-nogales-la-gran-frontera","tag-sonora-tierra-de-oportunidades"],"_links":{"self":[{"href":"https:\/\/elpajaritonews.com\/index.php?rest_route=\/wp\/v2\/posts\/63447","targetHints":{"allow":["GET"]}}],"collection":[{"href":"https:\/\/elpajaritonews.com\/index.php?rest_route=\/wp\/v2\/posts"}],"about":[{"href":"https:\/\/elpajaritonews.com\/index.php?rest_route=\/wp\/v2\/types\/post"}],"author":[{"embeddable":true,"href":"https:\/\/elpajaritonews.com\/index.php?rest_route=\/wp\/v2\/users\/2"}],"replies":[{"embeddable":true,"href":"https:\/\/elpajaritonews.com\/index.php?rest_route=%2Fwp%2Fv2%2Fcomments&post=63447"}],"version-history":[{"count":1,"href":"https:\/\/elpajaritonews.com\/index.php?rest_route=\/wp\/v2\/posts\/63447\/revisions"}],"predecessor-version":[{"id":63449,"href":"https:\/\/elpajaritonews.com\/index.php?rest_route=\/wp\/v2\/posts\/63447\/revisions\/63449"}],"wp:featuredmedia":[{"embeddable":true,"href":"https:\/\/elpajaritonews.com\/index.php?rest_route=\/wp\/v2\/media\/63448"}],"wp:attachment":[{"href":"https:\/\/elpajaritonews.com\/index.php?rest_route=%2Fwp%2Fv2%2Fmedia&parent=63447"}],"wp:term":[{"taxonomy":"category","embeddable":true,"href":"https:\/\/elpajaritonews.com\/index.php?rest_route=%2Fwp%2Fv2%2Fcategories&post=63447"},{"taxonomy":"post_tag","embeddable":true,"href":"https:\/\/elpajaritonews.com\/index.php?rest_route=%2Fwp%2Fv2%2Ftags&post=63447"}],"curies":[{"name":"wp","href":"https:\/\/api.w.org\/{rel}","templated":true}]}}