{"id":63524,"date":"2024-12-21T16:27:01","date_gmt":"2024-12-21T23:27:01","guid":{"rendered":"https:\/\/elpajaritonews.com\/?p=63524"},"modified":"2024-12-21T16:27:03","modified_gmt":"2024-12-21T23:27:03","slug":"congreso-legislara-sobre-prohibicion-de-maiz-transgenico-sheinbaum","status":"publish","type":"post","link":"https:\/\/elpajaritonews.com\/?p=63524","title":{"rendered":"CONGRESO LEGISLAR\u00c1 SOBRE PROHIBICI\u00d3N DE MA\u00cdZ TRANSG\u00c9NICO: SHEINBAUM"},"content":{"rendered":"\n<p class=\"wp-block-paragraph\">La presidenta de M\u00e9xico, Claudia Sheinbaum, asegur\u00f3 que \u201csin ma\u00edz no hay pa\u00eds y adelant\u00f3 que a partir de la resoluci\u00f3n sobre el panel de ma\u00edz transg\u00e9nico, \u201ccon el Congreso de M\u00e9xico vamos a darle la vuelta a la resoluci\u00f3n. En febrero van a legislar que no se puede sembrar ma\u00edz transg\u00e9nico en nuestro pa\u00eds\u201d.<\/p>\n\n\n\n<p class=\"wp-block-paragraph\">Dijo que \u201cvamos a darle la vuelta a esta resoluci\u00f3n y hay que proteger la biodiversidad de M\u00e9xico en nuestro pa\u00eds\u201d al comentar la resoluci\u00f3n del panel del T-MEC sobre este tema del producto modificado gen\u00e9ticamente.<\/p>\n\n\n\n<p class=\"wp-block-paragraph\">Anunci\u00f3 que en febrero del 2025 \u201cel Congreso legislar\u00e1 sobre la prohibici\u00f3n de siembra de ma\u00edz transg\u00e9nico en territorio nacional\u201d.<\/p>\n\n\n\n<p class=\"wp-block-paragraph\">El objetivo es proteger la biodiversidad de M\u00e9xico, y estoy segura, dijo que no van a sembrar este tipo de ma\u00edz porque se va a prohibir en la constituci\u00f3n de M\u00e9xico.c<\/p>\n","protected":false},"excerpt":{"rendered":"<p>La presidenta de M\u00e9xico, Claudia Sheinbaum, asegur\u00f3 que \u201csin ma\u00edz no hay pa\u00eds y adelant\u00f3 que a partir de la resoluci\u00f3n sobre el panel de ma\u00edz transg\u00e9nico, \u201ccon el Congreso de M\u00e9xico vamos a darle la vuelta a la resoluci\u00f3n. En febrero van a legislar que no se puede sembrar ma\u00edz transg\u00e9nico en nuestro pa\u00eds\u201d&#8230;.<\/p>\n","protected":false},"author":2,"featured_media":63326,"comment_status":"closed","ping_status":"closed","sticky":false,"template":"","format":"standard","meta":{"_crdt_document":"","_exactmetrics_skip_tracking":false,"_exactmetrics_sitenote_active":false,"_exactmetrics_sitenote_note":"","_exactmetrics_sitenote_category":0,"footnotes":""},"categories":[36,37,23,31],"tags":[72],"class_list":["post-63524","post","type-post","status-publish","format-standard","has-post-thumbnail","hentry","category-economia","category-medio-ambiente","category-mexico","category-politica","tag-claudia-sheinbaum"],"_links":{"self":[{"href":"https:\/\/elpajaritonews.com\/index.php?rest_route=\/wp\/v2\/posts\/63524","targetHints":{"allow":["GET"]}}],"collection":[{"href":"https:\/\/elpajaritonews.com\/index.php?rest_route=\/wp\/v2\/posts"}],"about":[{"href":"https:\/\/elpajaritonews.com\/index.php?rest_route=\/wp\/v2\/types\/post"}],"author":[{"embeddable":true,"href":"https:\/\/elpajaritonews.com\/index.php?rest_route=\/wp\/v2\/users\/2"}],"replies":[{"embeddable":true,"href":"https:\/\/elpajaritonews.com\/index.php?rest_route=%2Fwp%2Fv2%2Fcomments&post=63524"}],"version-history":[{"count":1,"href":"https:\/\/elpajaritonews.com\/index.php?rest_route=\/wp\/v2\/posts\/63524\/revisions"}],"predecessor-version":[{"id":63525,"href":"https:\/\/elpajaritonews.com\/index.php?rest_route=\/wp\/v2\/posts\/63524\/revisions\/63525"}],"wp:featuredmedia":[{"embeddable":true,"href":"https:\/\/elpajaritonews.com\/index.php?rest_route=\/wp\/v2\/media\/63326"}],"wp:attachment":[{"href":"https:\/\/elpajaritonews.com\/index.php?rest_route=%2Fwp%2Fv2%2Fmedia&parent=63524"}],"wp:term":[{"taxonomy":"category","embeddable":true,"href":"https:\/\/elpajaritonews.com\/index.php?rest_route=%2Fwp%2Fv2%2Fcategories&post=63524"},{"taxonomy":"post_tag","embeddable":true,"href":"https:\/\/elpajaritonews.com\/index.php?rest_route=%2Fwp%2Fv2%2Ftags&post=63524"}],"curies":[{"name":"wp","href":"https:\/\/api.w.org\/{rel}","templated":true}]}}