{"id":63526,"date":"2024-12-21T22:22:30","date_gmt":"2024-12-22T05:22:30","guid":{"rendered":"https:\/\/elpajaritonews.com\/?p=63526"},"modified":"2024-12-21T22:22:34","modified_gmt":"2024-12-22T05:22:34","slug":"agradecen-estudiantes-de-pueblos-originarios-a-gobernador-durazo-y-presidenta-sheinbaum-por-entrega-de-universidad-de-pueblo-yaqui","status":"publish","type":"post","link":"https:\/\/elpajaritonews.com\/?p=63526","title":{"rendered":"AGRADECEN ESTUDIANTES DE PUEBLOS ORIGINARIOS A GOBERNADOR DURAZO Y PRESIDENTA SHEINBAUM POR ENTREGA DE UNIVERSIDAD DE PUEBLO YAQUI"},"content":{"rendered":"\n<p class=\"wp-block-paragraph\">Un proyecto en el que podr\u00e1n continuar con su preparaci\u00f3n profesional y que cuenta con las caracter\u00edsticas id\u00f3neas, representa la Universidad del Pueblo Yaqui para los estudiantes de los pueblos originarios, que inauguraron en V\u00edcam, el gobernador Alfonso Durazo Monta\u00f1o y la presidenta Claudia Sheinbaum, as\u00ed lo coment\u00f3 la joven Mercedes M\u00e9ndez Cant\u00fa.<\/p>\n\n\n\n<p class=\"wp-block-paragraph\">En representaci\u00f3n de los alumnos universitarios, Mercedes M\u00e9ndez Cant\u00fa, quien ingres\u00f3 a la licenciatura en Derecho Penal, asegur\u00f3 que esta universidad significa un anhelo cumplido para alcanzar sus metas.<\/p>\n\n\n\n<p class=\"wp-block-paragraph\">\u00abGracias al gobernador por poner la vista en los pueblos originarios de la tribu, estar al pendiente y atender las demandas que la tribu le ha pedido\u00bb, subray\u00f3.<\/p>\n\n\n\n<p class=\"wp-block-paragraph\">\u00abAl gobernador Alfonso Durazo por ponernos una universidad cerca, lo que nos facilita mucho nuestra educaci\u00f3n\u00bb, asegur\u00f3 el estudiante David Murrieta.<\/p>\n\n\n\n<p class=\"wp-block-paragraph\">\u00abAl gobernador Durazo muchas gracias por esta universidad tan bonita\u00bb, se\u00f1al\u00f3 la joven Lourdes Valdez.<\/p>\n\n\n\n<p class=\"wp-block-paragraph\">\u00abEs una gran oportunidad que se nos present\u00f3 a muchos de nosotros que se nos pasaron los a\u00f1os y estamos retomando nuevamente los estudios, un gran agradecimiento al gobernador del estado\u00bb, coment\u00f3 la estudiante Mar\u00eda Sopomea.<\/p>\n\n\n\n<figure class=\"wp-block-embed is-type-video is-provider-youtube wp-block-embed-youtube wp-embed-aspect-16-9 wp-has-aspect-ratio\"><div class=\"wp-block-embed__wrapper\">\n<iframe loading=\"lazy\" title=\"Universidad del Pueblo Yaqui. V\u00edcam, Guaymas, Sonora\" width=\"640\" height=\"360\" src=\"https:\/\/www.youtube.com\/embed\/7X0YXoAbdSE?feature=oembed\" frameborder=\"0\" allow=\"accelerometer; autoplay; clipboard-write; encrypted-media; gyroscope; picture-in-picture; web-share\" referrerpolicy=\"strict-origin-when-cross-origin\" allowfullscreen><\/iframe>\n<\/div><\/figure>\n","protected":false},"excerpt":{"rendered":"<p>Un proyecto en el que podr\u00e1n continuar con su preparaci\u00f3n profesional y que cuenta con las caracter\u00edsticas id\u00f3neas, representa la Universidad del Pueblo Yaqui para los estudiantes de los pueblos originarios, que inauguraron en V\u00edcam, el gobernador Alfonso Durazo Monta\u00f1o y la presidenta Claudia Sheinbaum, as\u00ed lo coment\u00f3 la joven Mercedes M\u00e9ndez Cant\u00fa. En representaci\u00f3n&#8230;<\/p>\n","protected":false},"author":2,"featured_media":63274,"comment_status":"closed","ping_status":"closed","sticky":false,"template":"","format":"standard","meta":{"_crdt_document":"","_exactmetrics_skip_tracking":false,"_exactmetrics_sitenote_active":false,"_exactmetrics_sitenote_note":"","_exactmetrics_sitenote_category":0,"footnotes":""},"categories":[80,36,23,31,27,69,65],"tags":[71,72,76,30],"class_list":["post-63526","post","type-post","status-publish","format-standard","has-post-thumbnail","hentry","category-derechos-humanos","category-economia","category-mexico","category-politica","category-sonora","category-ultimas-noticias","category-videos","tag-alfonso-durazo","tag-claudia-sheinbaum","tag-medio-ambiente","tag-sonora-tierra-de-oportunidades"],"_links":{"self":[{"href":"https:\/\/elpajaritonews.com\/index.php?rest_route=\/wp\/v2\/posts\/63526","targetHints":{"allow":["GET"]}}],"collection":[{"href":"https:\/\/elpajaritonews.com\/index.php?rest_route=\/wp\/v2\/posts"}],"about":[{"href":"https:\/\/elpajaritonews.com\/index.php?rest_route=\/wp\/v2\/types\/post"}],"author":[{"embeddable":true,"href":"https:\/\/elpajaritonews.com\/index.php?rest_route=\/wp\/v2\/users\/2"}],"replies":[{"embeddable":true,"href":"https:\/\/elpajaritonews.com\/index.php?rest_route=%2Fwp%2Fv2%2Fcomments&post=63526"}],"version-history":[{"count":1,"href":"https:\/\/elpajaritonews.com\/index.php?rest_route=\/wp\/v2\/posts\/63526\/revisions"}],"predecessor-version":[{"id":63527,"href":"https:\/\/elpajaritonews.com\/index.php?rest_route=\/wp\/v2\/posts\/63526\/revisions\/63527"}],"wp:featuredmedia":[{"embeddable":true,"href":"https:\/\/elpajaritonews.com\/index.php?rest_route=\/wp\/v2\/media\/63274"}],"wp:attachment":[{"href":"https:\/\/elpajaritonews.com\/index.php?rest_route=%2Fwp%2Fv2%2Fmedia&parent=63526"}],"wp:term":[{"taxonomy":"category","embeddable":true,"href":"https:\/\/elpajaritonews.com\/index.php?rest_route=%2Fwp%2Fv2%2Fcategories&post=63526"},{"taxonomy":"post_tag","embeddable":true,"href":"https:\/\/elpajaritonews.com\/index.php?rest_route=%2Fwp%2Fv2%2Ftags&post=63526"}],"curies":[{"name":"wp","href":"https:\/\/api.w.org\/{rel}","templated":true}]}}