{"id":63566,"date":"2025-01-04T12:21:34","date_gmt":"2025-01-04T19:21:34","guid":{"rendered":"https:\/\/elpajaritonews.com\/?p=63566"},"modified":"2025-01-04T12:21:36","modified_gmt":"2025-01-04T19:21:36","slug":"congreso-de-sonora-turna-para-analisis-iniciativa-de-reforma-en-materia-electoral","status":"publish","type":"post","link":"https:\/\/elpajaritonews.com\/?p=63566","title":{"rendered":"CONGRESO DE SONORA TURNA PARA AN\u00c1LISIS INICIATIVA DE REFORMA EN MATERIA ELECTORAL"},"content":{"rendered":"\n<p class=\"wp-block-paragraph\">La Mesa Directiva de la Diputaci\u00f3n Permanente, en la sesi\u00f3n de este s\u00e1bado, turn\u00f3 para su estudio y an\u00e1lisis la iniciativa de reforma en materia electoral remitida por el titular del Poder Ejecutivo de Sonora.<\/p>\n\n\n\n<p class=\"wp-block-paragraph\">Acompa\u00f1ado por las diputadas Ros\u00e1ngela Amairany Pe\u00f1a Escalante (PES) y Mar\u00eda Eduwiges Espinoza Tapia (Morena), el diputado Omar Francisco Del Valle Colosio (PVEM), presidente del Congreso de Sonora, turn\u00f3 la propuesta a la Comisi\u00f3n de Gobernaci\u00f3n y Puntos Constitucionales.<\/p>\n\n\n\n<p class=\"wp-block-paragraph\">El documento presentado en la sesi\u00f3n de hoy, a trav\u00e9s de la correspondencia, fue enviado por la Secretar\u00eda de la Consejer\u00eda Jur\u00eddica del Gobierno de Sonora, y busca reformar y adicionar disposiciones de la Ley de Instituciones y Procedimientos Electorales para el Estado de Sonora.<\/p>\n\n\n\n<p class=\"wp-block-paragraph\">Del Valle Colosio, al clausurar los trabajos de la sesi\u00f3n, inform\u00f3 que con oportunidad se convocar\u00e1 a trav\u00e9s de la Gaceta Parlamentaria<\/p>\n","protected":false},"excerpt":{"rendered":"<p>La Mesa Directiva de la Diputaci\u00f3n Permanente, en la sesi\u00f3n de este s\u00e1bado, turn\u00f3 para su estudio y an\u00e1lisis la iniciativa de reforma en materia electoral remitida por el titular del Poder Ejecutivo de Sonora. Acompa\u00f1ado por las diputadas Ros\u00e1ngela Amairany Pe\u00f1a Escalante (PES) y Mar\u00eda Eduwiges Espinoza Tapia (Morena), el diputado Omar Francisco Del&#8230;<\/p>\n","protected":false},"author":2,"featured_media":63567,"comment_status":"closed","ping_status":"closed","sticky":false,"template":"","format":"standard","meta":{"_crdt_document":"","_exactmetrics_skip_tracking":false,"_exactmetrics_sitenote_active":false,"_exactmetrics_sitenote_note":"","_exactmetrics_sitenote_category":0,"footnotes":""},"categories":[20,26,31,27],"tags":[73,74,30],"class_list":["post-63566","post","type-post","status-publish","format-standard","has-post-thumbnail","hentry","category-congreso","category-local","category-politica","category-sonora","tag-congreso-del-estado-de-sonora","tag-hermosillo","tag-sonora-tierra-de-oportunidades"],"_links":{"self":[{"href":"https:\/\/elpajaritonews.com\/index.php?rest_route=\/wp\/v2\/posts\/63566","targetHints":{"allow":["GET"]}}],"collection":[{"href":"https:\/\/elpajaritonews.com\/index.php?rest_route=\/wp\/v2\/posts"}],"about":[{"href":"https:\/\/elpajaritonews.com\/index.php?rest_route=\/wp\/v2\/types\/post"}],"author":[{"embeddable":true,"href":"https:\/\/elpajaritonews.com\/index.php?rest_route=\/wp\/v2\/users\/2"}],"replies":[{"embeddable":true,"href":"https:\/\/elpajaritonews.com\/index.php?rest_route=%2Fwp%2Fv2%2Fcomments&post=63566"}],"version-history":[{"count":1,"href":"https:\/\/elpajaritonews.com\/index.php?rest_route=\/wp\/v2\/posts\/63566\/revisions"}],"predecessor-version":[{"id":63568,"href":"https:\/\/elpajaritonews.com\/index.php?rest_route=\/wp\/v2\/posts\/63566\/revisions\/63568"}],"wp:featuredmedia":[{"embeddable":true,"href":"https:\/\/elpajaritonews.com\/index.php?rest_route=\/wp\/v2\/media\/63567"}],"wp:attachment":[{"href":"https:\/\/elpajaritonews.com\/index.php?rest_route=%2Fwp%2Fv2%2Fmedia&parent=63566"}],"wp:term":[{"taxonomy":"category","embeddable":true,"href":"https:\/\/elpajaritonews.com\/index.php?rest_route=%2Fwp%2Fv2%2Fcategories&post=63566"},{"taxonomy":"post_tag","embeddable":true,"href":"https:\/\/elpajaritonews.com\/index.php?rest_route=%2Fwp%2Fv2%2Ftags&post=63566"}],"curies":[{"name":"wp","href":"https:\/\/api.w.org\/{rel}","templated":true}]}}