{"id":63598,"date":"2025-01-09T17:21:04","date_gmt":"2025-01-10T00:21:04","guid":{"rendered":"https:\/\/elpajaritonews.com\/?p=63598"},"modified":"2025-01-09T17:21:06","modified_gmt":"2025-01-10T00:21:06","slug":"gobernador-durazo-potencia-nuevos-proyectos-mineros-y-automotrices-atraidos-por-el-plan-sonora","status":"publish","type":"post","link":"https:\/\/elpajaritonews.com\/?p=63598","title":{"rendered":"GOBERNADOR DURAZO POTENCIA NUEVOS PROYECTOS MINEROS Y AUTOMOTRICES ATRA\u00cdDOS POR EL PLAN SONORA"},"content":{"rendered":"\n<p class=\"wp-block-paragraph\">-La riqueza mineral con la que cuenta Sonora y su \u00f3ptimo aprovechamiento por medio del Plan Sonora impulsado por el gobernador Alfonso Durazo, han consolidado al estado como referente para el desarrollo de proyectos sustentables de industrias mineras y automotrices, tal es el caso del primer carro el\u00e9ctrico mexicano Olinia, anunciado por la Presidenta Sheinbaum, en el que la entidad sonorense est\u00e1 contemplada para su fabricaci\u00f3n.<\/p>\n\n\n\n<p class=\"wp-block-paragraph\">En sinergia con los proyectos que ya han aterrizado en la entidad atra\u00eddos por el Plan Sonora de Energ\u00edas Sostenibles, el gobernador Alfonso Durazo Monta\u00f1o impulsa, junto con el Gobierno de M\u00e9xico, estrategias para el aprovechamiento sustentable de la actividad minera en el estado y el desarrollo de la econom\u00eda amigable con el medio ambiente, a trav\u00e9s de planes como el modelo del auto el\u00e9ctrico mexicano Olinia que se fabricar\u00e1 en Sonora.<\/p>\n\n\n\n<p class=\"wp-block-paragraph\">El mandatario estatal se reuni\u00f3 con Fernando Jos\u00e9 Aboitiz Saro, jefe de la Unidad de Coordinaci\u00f3n de Actividades Extractivas de la Secretar\u00eda de Econom\u00eda, para dar seguimiento a los proyectos de extracci\u00f3n en la entidad, as\u00ed como el aprovechamiento de aguas residuales en dicha actividad, en concordancia con la explotaci\u00f3n de minerales esenciales como el cobre para la materializaci\u00f3n del Plan Sonora.<\/p>\n\n\n\n<p class=\"wp-block-paragraph\">Acompa\u00f1ado por Francisco Acu\u00f1a M\u00e9ndez, presidente ejecutivo del Consejo para el Desarrollo Sostenible del Estado de Sonora (Codeso), el mandatario estatal tambi\u00e9n dio seguimiento al proyecto de construcci\u00f3n del auto el\u00e9ctrico Olinia, impulsado por la presidenta Claudia Sheinbaum Pardo, el cual ser\u00e1 construido en el estado y potenciar\u00e1 a la entidad como un polo de desarrollo sustentable.<\/p>\n\n\n\n<p class=\"wp-block-paragraph\">El gobernador Durazo Monta\u00f1o destac\u00f3 que el Plan Sonora de Energ\u00edas Sostenibles busca dar un valor agregado de la producci\u00f3n primaria para el bienestar de las familias sonorenses, donde los recursos minerales que se extraigan en la entidad, sean aprovechados en el territorio, como el caso del proyecto del ensamblaje del auto el\u00e9ctrico Olinia.<\/p>\n","protected":false},"excerpt":{"rendered":"<p>-La riqueza mineral con la que cuenta Sonora y su \u00f3ptimo aprovechamiento por medio del Plan Sonora impulsado por el gobernador Alfonso Durazo, han consolidado al estado como referente para el desarrollo de proyectos sustentables de industrias mineras y automotrices, tal es el caso del primer carro el\u00e9ctrico mexicano Olinia, anunciado por la Presidenta Sheinbaum,&#8230;<\/p>\n","protected":false},"author":2,"featured_media":63599,"comment_status":"closed","ping_status":"closed","sticky":false,"template":"","format":"standard","meta":{"_crdt_document":"","_exactmetrics_skip_tracking":false,"_exactmetrics_sitenote_active":false,"_exactmetrics_sitenote_note":"","_exactmetrics_sitenote_category":0,"footnotes":""},"categories":[36,26,31,27,69],"tags":[71,30],"class_list":["post-63598","post","type-post","status-publish","format-standard","has-post-thumbnail","hentry","category-economia","category-local","category-politica","category-sonora","category-ultimas-noticias","tag-alfonso-durazo","tag-sonora-tierra-de-oportunidades"],"_links":{"self":[{"href":"https:\/\/elpajaritonews.com\/index.php?rest_route=\/wp\/v2\/posts\/63598","targetHints":{"allow":["GET"]}}],"collection":[{"href":"https:\/\/elpajaritonews.com\/index.php?rest_route=\/wp\/v2\/posts"}],"about":[{"href":"https:\/\/elpajaritonews.com\/index.php?rest_route=\/wp\/v2\/types\/post"}],"author":[{"embeddable":true,"href":"https:\/\/elpajaritonews.com\/index.php?rest_route=\/wp\/v2\/users\/2"}],"replies":[{"embeddable":true,"href":"https:\/\/elpajaritonews.com\/index.php?rest_route=%2Fwp%2Fv2%2Fcomments&post=63598"}],"version-history":[{"count":1,"href":"https:\/\/elpajaritonews.com\/index.php?rest_route=\/wp\/v2\/posts\/63598\/revisions"}],"predecessor-version":[{"id":63600,"href":"https:\/\/elpajaritonews.com\/index.php?rest_route=\/wp\/v2\/posts\/63598\/revisions\/63600"}],"wp:featuredmedia":[{"embeddable":true,"href":"https:\/\/elpajaritonews.com\/index.php?rest_route=\/wp\/v2\/media\/63599"}],"wp:attachment":[{"href":"https:\/\/elpajaritonews.com\/index.php?rest_route=%2Fwp%2Fv2%2Fmedia&parent=63598"}],"wp:term":[{"taxonomy":"category","embeddable":true,"href":"https:\/\/elpajaritonews.com\/index.php?rest_route=%2Fwp%2Fv2%2Fcategories&post=63598"},{"taxonomy":"post_tag","embeddable":true,"href":"https:\/\/elpajaritonews.com\/index.php?rest_route=%2Fwp%2Fv2%2Ftags&post=63598"}],"curies":[{"name":"wp","href":"https:\/\/api.w.org\/{rel}","templated":true}]}}