{"id":63623,"date":"2025-01-11T17:17:09","date_gmt":"2025-01-12T00:17:09","guid":{"rendered":"https:\/\/elpajaritonews.com\/?p=63623"},"modified":"2025-01-11T17:17:11","modified_gmt":"2025-01-12T00:17:11","slug":"gobernador-durazo-y-sedatu-encabezan-en-sonora-ruta-de-transformacion-nacional-con-foros-de-consulta-para-el-plan-de-desarrollo","status":"publish","type":"post","link":"https:\/\/elpajaritonews.com\/?p=63623","title":{"rendered":"GOBERNADOR DURAZO Y SEDATU ENCABEZAN EN SONORA RUTA DE TRANSFORMACI\u00d3N NACIONAL CON FOROS DE CONSULTA PARA EL PLAN DE DESARROLLO"},"content":{"rendered":"\n<p class=\"wp-block-paragraph\">* El gobernador Alfonso Durazo Monta\u00f1o y la secretaria de Desarrollo Agrario, Territorial y Urbano, Edna Elena Vega Rangel, encabezaron el inicio de los Foros de Consulta para la Elaboraci\u00f3n del Plan Nacional de Desarrollo 2025-2030, el cual ser\u00e1 un instrumento para la consolidaci\u00f3n del segundo piso de la transformaci\u00f3n de la vida p\u00fablica del pa\u00eds.<\/p>\n\n\n\n<p class=\"wp-block-paragraph\">* En estos foros, con la participaci\u00f3n de diversos sectores de la sociedad civil, se definir\u00e1 la ruta de trabajo del gabinete legal, acorde al proyecto de naci\u00f3n de la presidenta Claudia Sheinbaum Pardo.<\/p>\n\n\n\n<p class=\"wp-block-paragraph\">* En la primera semana de febrero, la presidenta Sheinbaum Pardo recibir\u00e1 un primer borrador del Plan Nacional de Desarrollo, que ser\u00e1 turnado al Congreso de la Uni\u00f3n.<\/p>\n\n\n\n<p class=\"wp-block-paragraph\">El gobernador Alfonso Durazo Monta\u00f1o, junto a la secretaria de Desarrollo Agrario, Territorial y Urbano (Sedatu), encabez\u00f3 el inicio de los Foros de Consulta para la Elaboraci\u00f3n del Plan Nacional de Desarrollo 2025-2030. Este proceso busca definir la ruta de trabajo del gabinete federal y recopilar propuestas de diversos sectores de la sociedad civil, en l\u00ednea con el proyecto de naci\u00f3n de la presidenta Claudia Sheinbaum Pardo.<\/p>\n\n\n\n<p class=\"wp-block-paragraph\">Durante el foro, el mandatario estatal mencion\u00f3 que estos foros tienen el objetivo de definir una ruta de trabajo para las y los integrantes del gabinete legal, adem\u00e1s de brindar un resumen claro a las organizaciones de la sociedad civil respecto al proyecto de naci\u00f3n que lidera la presidenta Sheinbaum Pardo.<\/p>\n\n\n\n<p class=\"wp-block-paragraph\">\u201cAqu\u00ed est\u00e1n las voces m\u00e1s representativas de la sociedad sonorense, y quiero decirles que eso me llena de orgullo, que nos acompa\u00f1e cada una y cada uno de ustedes aqu\u00ed, porque sus aportaciones, como las que aqu\u00ed escuchamos, son genuinamente representativas del sentir social de las y los sonorenses. Gracias por su contribuci\u00f3n y por ayudarnos a superar la vieja l\u00f3gica de que hab\u00eda que entregar un documento para cumplir con lo que dispone el art\u00edculo 26 constitucional. Nuestro movimiento surgi\u00f3 de la base, surgi\u00f3 del pueblo, y regresa al pueblo a nutrirse de lo que debe hacer para construir el segundo piso de la Cuarta Transformaci\u00f3n. Ese es el valor de la aportaci\u00f3n que ustedes van a hacer aqu\u00ed\u201d, indic\u00f3.<\/p>\n\n\n\n<p class=\"wp-block-paragraph\">Al respecto, Edna Elena Vega Rangel, secretaria de Desarrollo Agrario, Territorial y Urbano (Sedatu), mencion\u00f3 que, junto al Gobierno de Sonora y en concordancia con organismos de la sociedad civil, se nutre la visi\u00f3n y rumbo que tiene proyectado para el pa\u00eds la presidenta Sheinbaum Pardo, donde se pone en el centro de las pol\u00edticas p\u00fablicas el bienestar de todas y todos los ciudadanos.<\/p>\n\n\n\n<p class=\"wp-block-paragraph\">\u201cPor eso estamos aqu\u00ed, porque tampoco la consulta p\u00fablica puede ser un ejercicio de simulaci\u00f3n, de decir que se elabora el documento, se hace una consulta de imagen y el texto ya est\u00e1 y nada m\u00e1s. Se quiere que sea un proceso democr\u00e1tico, un proceso que sume las distintas propuestas de todos los sectores que hoy est\u00e1n aqu\u00ed presentes y que, reitero, agradezco al gobernador Alfonso Durazo, a todo su equipo y a quienes est\u00e1n el d\u00eda de hoy aqu\u00ed, apostando a la creaci\u00f3n de un proyecto nuevo, a la construcci\u00f3n colectiva, a la construcci\u00f3n solidaria, todos los requerimientos que tenemos como pa\u00eds\u201d, se\u00f1al\u00f3.<\/p>\n\n\n\n<p class=\"wp-block-paragraph\">En estos foros participan sectores de la sociedad como grupos originarios con presencia en la entidad, acad\u00e9micos, liderazgos sociales, presidentes municipales, diputados locales, entre otros.<\/p>\n\n\n\n<p class=\"wp-block-paragraph\">A nivel nacional, se realizan de manera simult\u00e1nea con el objetivo de recopilar propuestas y, a finales de enero, contar con el borrador del Plan Nacional de Desarrollo, mismo que ser\u00e1 entregado a la presidenta Claudia Sheinbaum Pardo en la primera semana de febrero. Posteriormente, deber\u00e1 ser expuesto ante las y los diputados en el Congreso de la Uni\u00f3n.<\/p>\n","protected":false},"excerpt":{"rendered":"<p>* El gobernador Alfonso Durazo Monta\u00f1o y la secretaria de Desarrollo Agrario, Territorial y Urbano, Edna Elena Vega Rangel, encabezaron el inicio de los Foros de Consulta para la Elaboraci\u00f3n del Plan Nacional de Desarrollo 2025-2030, el cual ser\u00e1 un instrumento para la consolidaci\u00f3n del segundo piso de la transformaci\u00f3n de la vida p\u00fablica del&#8230;<\/p>\n","protected":false},"author":2,"featured_media":63624,"comment_status":"closed","ping_status":"closed","sticky":false,"template":"","format":"standard","meta":{"_crdt_document":"","_exactmetrics_skip_tracking":false,"_exactmetrics_sitenote_active":false,"_exactmetrics_sitenote_note":"","_exactmetrics_sitenote_category":0,"footnotes":""},"categories":[36,26,31,27],"tags":[71,74,30],"class_list":["post-63623","post","type-post","status-publish","format-standard","has-post-thumbnail","hentry","category-economia","category-local","category-politica","category-sonora","tag-alfonso-durazo","tag-hermosillo","tag-sonora-tierra-de-oportunidades"],"_links":{"self":[{"href":"https:\/\/elpajaritonews.com\/index.php?rest_route=\/wp\/v2\/posts\/63623","targetHints":{"allow":["GET"]}}],"collection":[{"href":"https:\/\/elpajaritonews.com\/index.php?rest_route=\/wp\/v2\/posts"}],"about":[{"href":"https:\/\/elpajaritonews.com\/index.php?rest_route=\/wp\/v2\/types\/post"}],"author":[{"embeddable":true,"href":"https:\/\/elpajaritonews.com\/index.php?rest_route=\/wp\/v2\/users\/2"}],"replies":[{"embeddable":true,"href":"https:\/\/elpajaritonews.com\/index.php?rest_route=%2Fwp%2Fv2%2Fcomments&post=63623"}],"version-history":[{"count":1,"href":"https:\/\/elpajaritonews.com\/index.php?rest_route=\/wp\/v2\/posts\/63623\/revisions"}],"predecessor-version":[{"id":63625,"href":"https:\/\/elpajaritonews.com\/index.php?rest_route=\/wp\/v2\/posts\/63623\/revisions\/63625"}],"wp:featuredmedia":[{"embeddable":true,"href":"https:\/\/elpajaritonews.com\/index.php?rest_route=\/wp\/v2\/media\/63624"}],"wp:attachment":[{"href":"https:\/\/elpajaritonews.com\/index.php?rest_route=%2Fwp%2Fv2%2Fmedia&parent=63623"}],"wp:term":[{"taxonomy":"category","embeddable":true,"href":"https:\/\/elpajaritonews.com\/index.php?rest_route=%2Fwp%2Fv2%2Fcategories&post=63623"},{"taxonomy":"post_tag","embeddable":true,"href":"https:\/\/elpajaritonews.com\/index.php?rest_route=%2Fwp%2Fv2%2Ftags&post=63623"}],"curies":[{"name":"wp","href":"https:\/\/api.w.org\/{rel}","templated":true}]}}