{"id":63639,"date":"2025-01-14T13:21:59","date_gmt":"2025-01-14T20:21:59","guid":{"rendered":"https:\/\/elpajaritonews.com\/?p=63639"},"modified":"2025-01-14T13:22:01","modified_gmt":"2025-01-14T20:22:01","slug":"presidenta-claudia-sheinbaum-anuncia-inversion-de-5-mmdd-de-amazon-web-services-en-mexico-para-crear-region-digital-en-queretaro","status":"publish","type":"post","link":"https:\/\/elpajaritonews.com\/?p=63639","title":{"rendered":"PRESIDENTA CLAUDIA SHEINBAUM ANUNCIA INVERSI\u00d3N DE 5 MMDD DE AMAZON WEB SERVICES EN M\u00c9XICO PARA CREAR REGI\u00d3N DIGITAL EN QUER\u00c9TARO"},"content":{"rendered":"\n<p class=\"wp-block-paragraph\">La inversi\u00f3n generar\u00e1 7 mil empleos por a\u00f1o y se proyecta que sume al PIB 10 mmdd para los pr\u00f3ximos 15 a\u00f1os; forma parte del portafolio de inversiones de 277 mmdd del Plan M\u00e9xico<\/p>\n\n\n\n<p class=\"wp-block-paragraph\">\u201dEs una de las inversiones m\u00e1s importantes que se han registrado\u201d, destac\u00f3 el secretario de Econom\u00eda, Marcelo Ebrard Casaubon<\/p>\n\n\n\n<p class=\"wp-block-paragraph\">\u201cM\u00e9xico tiene las condiciones de ser competitivo en varias industrias, en varias partes del segmento de negocios y hacer las inversiones ac\u00e1. Nosotros tenemos muy buenas expectativas\u201d, asever\u00f3 la CEO para Am\u00e9rica Latina de Amazon Web Services, Paula Bellizia<\/p>\n\n\n\n<p class=\"wp-block-paragraph\">La CEO para Am\u00e9rica Latina de Amazon Web Services tambi\u00e9n reconoci\u00f3 a la Jefa del Ejecutivo Nacional por su liderazgo como la primera mujer en ser Presidenta de M\u00e9xico<\/p>\n\n\n\n<figure class=\"wp-block-embed is-type-video is-provider-youtube wp-block-embed-youtube wp-embed-aspect-16-9 wp-has-aspect-ratio\"><div class=\"wp-block-embed__wrapper\">\n<iframe loading=\"lazy\" title=\"Inversiones en M\u00e9xico muestran el gran presente y futuro del pa\u00eds. Conferencia presidenta Sheinbaum\" width=\"640\" height=\"360\" src=\"https:\/\/www.youtube.com\/embed\/ayuqCZ24Qjc?feature=oembed\" frameborder=\"0\" allow=\"accelerometer; autoplay; clipboard-write; encrypted-media; gyroscope; picture-in-picture; web-share\" referrerpolicy=\"strict-origin-when-cross-origin\" allowfullscreen><\/iframe>\n<\/div><\/figure>\n\n\n\n<p class=\"wp-block-paragraph\">La Presidenta Claudia Sheinbaum Pardo anunci\u00f3 la inversi\u00f3n de 5 mil millones de d\u00f3lares (mmdd) de Amazon Web Services (AWS) en M\u00e9xico para la creaci\u00f3n de una regi\u00f3n digital en Quer\u00e9taro que generar\u00e1 7 mil empleos por a\u00f1o, la capacitaci\u00f3n de 400 mil personas; y una aportaci\u00f3n al Producto Interno Bruto (PIB) de 10 mmdd en los pr\u00f3ximos 15 a\u00f1os; lo cual da muestra del momento extraordinario que vive el pa\u00eds potenciando la llegada de m\u00e1s inversiones.<\/p>\n\n\n\n<p class=\"wp-block-paragraph\">\u201cEs importante para nosotros por muchas razones: Primero, por lo que significa el tipo de inversi\u00f3n que est\u00e1 haciendo y la oportunidad de empleo para muchos ingenieros, ingenieras mexicanas, o especialistas, matem\u00e1ticos en datos y permite, adem\u00e1s, potenciar ese desarrollo para la educaci\u00f3n en nuestro pa\u00eds. Segundo, por lo que significa no solamente la propia inversi\u00f3n, sino estos Centros de Datos, la oportunidad que le dan a las empresas mexicanas para poderse desarrollar; es decir, es una inversi\u00f3n que potencia otras inversiones en nuestro pa\u00eds. Y, finalmente, por sus palabras para M\u00e9xico\u00bb.<\/p>\n\n\n\n<p class=\"wp-block-paragraph\">\u201cEstamos muy orgullosos del momento que estamos viviendo; y la inversi\u00f3n que presentan el d\u00eda de hoy muestra justamente eso, que M\u00e9xico no solo tiene gran presente, sino gran futuro\u201d, destac\u00f3 durante la conferencia matutina: \u201cLas ma\u00f1aneras del pueblo\u201d.<\/p>\n\n\n\n<p class=\"wp-block-paragraph\">El secretario de Econom\u00eda, Marcelo Ebrard Casaubon, destac\u00f3 que esta inversi\u00f3n de 5 mmdd es parte del portafolio de 277 mmdd que llegar\u00e1n al pa\u00eds como parte del Plan M\u00e9xico, adem\u00e1s de que es compatible con los corredores industriales planteados por la Jefa del Ejecutivo Federal.<\/p>\n","protected":false},"excerpt":{"rendered":"<p>La inversi\u00f3n generar\u00e1 7 mil empleos por a\u00f1o y se proyecta que sume al PIB 10 mmdd para los pr\u00f3ximos 15 a\u00f1os; forma parte del portafolio de inversiones de 277 mmdd del Plan M\u00e9xico \u201dEs una de las inversiones m\u00e1s importantes que se han registrado\u201d, destac\u00f3 el secretario de Econom\u00eda, Marcelo Ebrard Casaubon \u201cM\u00e9xico tiene&#8230;<\/p>\n","protected":false},"author":2,"featured_media":63430,"comment_status":"closed","ping_status":"closed","sticky":false,"template":"","format":"standard","meta":{"_crdt_document":"","_exactmetrics_skip_tracking":false,"_exactmetrics_sitenote_active":false,"_exactmetrics_sitenote_note":"","_exactmetrics_sitenote_category":0,"footnotes":""},"categories":[36,23,31,69,65],"tags":[72],"class_list":["post-63639","post","type-post","status-publish","format-standard","has-post-thumbnail","hentry","category-economia","category-mexico","category-politica","category-ultimas-noticias","category-videos","tag-claudia-sheinbaum"],"_links":{"self":[{"href":"https:\/\/elpajaritonews.com\/index.php?rest_route=\/wp\/v2\/posts\/63639","targetHints":{"allow":["GET"]}}],"collection":[{"href":"https:\/\/elpajaritonews.com\/index.php?rest_route=\/wp\/v2\/posts"}],"about":[{"href":"https:\/\/elpajaritonews.com\/index.php?rest_route=\/wp\/v2\/types\/post"}],"author":[{"embeddable":true,"href":"https:\/\/elpajaritonews.com\/index.php?rest_route=\/wp\/v2\/users\/2"}],"replies":[{"embeddable":true,"href":"https:\/\/elpajaritonews.com\/index.php?rest_route=%2Fwp%2Fv2%2Fcomments&post=63639"}],"version-history":[{"count":1,"href":"https:\/\/elpajaritonews.com\/index.php?rest_route=\/wp\/v2\/posts\/63639\/revisions"}],"predecessor-version":[{"id":63640,"href":"https:\/\/elpajaritonews.com\/index.php?rest_route=\/wp\/v2\/posts\/63639\/revisions\/63640"}],"wp:featuredmedia":[{"embeddable":true,"href":"https:\/\/elpajaritonews.com\/index.php?rest_route=\/wp\/v2\/media\/63430"}],"wp:attachment":[{"href":"https:\/\/elpajaritonews.com\/index.php?rest_route=%2Fwp%2Fv2%2Fmedia&parent=63639"}],"wp:term":[{"taxonomy":"category","embeddable":true,"href":"https:\/\/elpajaritonews.com\/index.php?rest_route=%2Fwp%2Fv2%2Fcategories&post=63639"},{"taxonomy":"post_tag","embeddable":true,"href":"https:\/\/elpajaritonews.com\/index.php?rest_route=%2Fwp%2Fv2%2Ftags&post=63639"}],"curies":[{"name":"wp","href":"https:\/\/api.w.org\/{rel}","templated":true}]}}