{"id":63641,"date":"2025-01-14T13:54:27","date_gmt":"2025-01-14T20:54:27","guid":{"rendered":"https:\/\/elpajaritonews.com\/?p=63641"},"modified":"2025-01-14T13:54:28","modified_gmt":"2025-01-14T20:54:28","slug":"entrega-gobierno-de-hermosillo-corredor-camina-segura-en-secundaria-1-prevo","status":"publish","type":"post","link":"https:\/\/elpajaritonews.com\/?p=63641","title":{"rendered":"ENTREGA GOBIERNO DE HERMOSILLO CORREDOR CAMINA SEGURA EN SECUNDARIA #1 \u201cPREVO\u201d"},"content":{"rendered":"\n<p class=\"wp-block-paragraph\">&nbsp;Junto a estudiantes del turno vespertino y docentes entrega el corredor n\u00famero 73 de este programa<\/p>\n\n\n\n<p class=\"wp-block-paragraph\">Cuando un lugar est\u00e1 bien iluminado se convierte en un espacio mucho m\u00e1s seguro, reiter\u00f3 Antonio Astiazar\u00e1n Guti\u00e9rrez al entregar a estudiantes de la Escuela Secundaria T\u00e9cnica #1 el corredor n\u00famero 73 del programa Camina Segura.<\/p>\n\n\n\n<p class=\"wp-block-paragraph\">El presidente municipal y la comunidad educativa del turno vespertino inauguraron el tramo de 250 metros de iluminaci\u00f3n que les permitir\u00e1 transitar con seguridad al salir de la emblem\u00e1tica escuela \u201cProf. Carlos Espinoza Mu\u00f1oz\u201d conocida como \u201cLa Prevo\u201d.<\/p>\n\n\n\n<p class=\"wp-block-paragraph\">\u201cYa van 73 corredores, pero d\u00e9jenme darles un dato, hay lugares como el corredor que est\u00e1 fuera de la Unison, cuando colocamos en ese lugar la iluminaci\u00f3n de Camina Segura se redujo hasta en un 90% el n\u00famero de llamadas del 911. F\u00edjense el impacto que tiene un lugar cuando est\u00e1 bien iluminado\u201d, agreg\u00f3.<\/p>\n\n\n\n<p class=\"wp-block-paragraph\">La obra a cargo de la Agencia Municipal de Energ\u00eda y Cambio Clim\u00e1tico (AMECC) se divide en diversos puntos de iluminaci\u00f3n en la zona principalmente en los bulevares Justo Sierra, G\u00f3mez Far\u00edas y Morelos donde se encuentran las instalaciones de la escuela.<\/p>\n\n\n\n<p class=\"wp-block-paragraph\">El director Enrique Corral Castro y la alumna Luz Marina Palma agradecieron la intervenci\u00f3n del Ayuntamiento de Hermosillo en dicha zona que durante a\u00f1os gener\u00f3 inseguridad a estudiantes debido a la falta de iluminaci\u00f3n, especialmente aquellos que utilizan el transporte p\u00fablico y esperan en la parada de cami\u00f3n.<\/p>\n\n\n\n<p class=\"wp-block-paragraph\">\u201cLe queremos agradecer por este gran proyecto que nos aporta seguridad y confianza al momento de salir, ya que puede sonar muy sencillo llegar al transporte p\u00fablico pero muchas veces por nuestra edad y g\u00e9nero nos enfrentamos a muchos peligros al estar all\u00e1 afuera\u201d, destac\u00f3 la alumna Luz Marina.<\/p>\n\n\n\n<p class=\"wp-block-paragraph\">Asistieron las regidoras Dulce Robles y Ana Paula Villalvazo; Carla Neudert C\u00f3rdova, directora de la AMECC; Daniel Garc\u00eda Escalante, director de Participaci\u00f3n Ciudadana; Francisco Villaescusa, director del Instituto Hermosillense de la Juventud (IHJ), integrantes del Comit\u00e9 Creces Modelo y docentes.<\/p>\n\n\n\n<p class=\"wp-block-paragraph\">Detalles de la obra<\/p>\n\n\n\n<p class=\"wp-block-paragraph\">El tramo 73 de Camina Segura en la colonia Modelo se divide en diversos puntos<\/p>\n\n\n\n<p class=\"wp-block-paragraph\">1.Se instalaron 13 bolardos de iluminaci\u00f3n en los bulevares Justo Sierra, G\u00f3mez Far\u00edas y Morelos rodeando el per\u00edmetro de la Escuela Secundaria T\u00e9cnica #1 incluyendo la parada de cami\u00f3n.<\/p>\n\n\n\n<p class=\"wp-block-paragraph\">2.Se instalaron otros 13 bolardos empezando el trayecto desde la avenida Ju\u00e1rez sobre la avenida Isidro Olvera llegando hasta la intersecci\u00f3n con el bulevar Morelos y girando hasta la Justo Sierra<\/p>\n\n\n\n<p class=\"wp-block-paragraph\">3.Iluminaci\u00f3n en la parada de cami\u00f3n de la avenida Ju\u00e1rez donde se encuentra el Seguro Social<\/p>\n\n\n\n<p class=\"wp-block-paragraph\">4.Iluminaci\u00f3n en la calle Ortiz Mena<\/p>\n","protected":false},"excerpt":{"rendered":"<p>&nbsp;Junto a estudiantes del turno vespertino y docentes entrega el corredor n\u00famero 73 de este programa Cuando un lugar est\u00e1 bien iluminado se convierte en un espacio mucho m\u00e1s seguro, reiter\u00f3 Antonio Astiazar\u00e1n Guti\u00e9rrez al entregar a estudiantes de la Escuela Secundaria T\u00e9cnica #1 el corredor n\u00famero 73 del programa Camina Segura. El presidente municipal&#8230;<\/p>\n","protected":false},"author":2,"featured_media":61944,"comment_status":"closed","ping_status":"closed","sticky":false,"template":"","format":"standard","meta":{"_crdt_document":"","_exactmetrics_skip_tracking":false,"_exactmetrics_sitenote_active":false,"_exactmetrics_sitenote_note":"","_exactmetrics_sitenote_category":0,"footnotes":""},"categories":[33,26,31],"tags":[74],"class_list":["post-63641","post","type-post","status-publish","format-standard","has-post-thumbnail","hentry","category-educacion","category-local","category-politica","tag-hermosillo"],"_links":{"self":[{"href":"https:\/\/elpajaritonews.com\/index.php?rest_route=\/wp\/v2\/posts\/63641","targetHints":{"allow":["GET"]}}],"collection":[{"href":"https:\/\/elpajaritonews.com\/index.php?rest_route=\/wp\/v2\/posts"}],"about":[{"href":"https:\/\/elpajaritonews.com\/index.php?rest_route=\/wp\/v2\/types\/post"}],"author":[{"embeddable":true,"href":"https:\/\/elpajaritonews.com\/index.php?rest_route=\/wp\/v2\/users\/2"}],"replies":[{"embeddable":true,"href":"https:\/\/elpajaritonews.com\/index.php?rest_route=%2Fwp%2Fv2%2Fcomments&post=63641"}],"version-history":[{"count":1,"href":"https:\/\/elpajaritonews.com\/index.php?rest_route=\/wp\/v2\/posts\/63641\/revisions"}],"predecessor-version":[{"id":63642,"href":"https:\/\/elpajaritonews.com\/index.php?rest_route=\/wp\/v2\/posts\/63641\/revisions\/63642"}],"wp:featuredmedia":[{"embeddable":true,"href":"https:\/\/elpajaritonews.com\/index.php?rest_route=\/wp\/v2\/media\/61944"}],"wp:attachment":[{"href":"https:\/\/elpajaritonews.com\/index.php?rest_route=%2Fwp%2Fv2%2Fmedia&parent=63641"}],"wp:term":[{"taxonomy":"category","embeddable":true,"href":"https:\/\/elpajaritonews.com\/index.php?rest_route=%2Fwp%2Fv2%2Fcategories&post=63641"},{"taxonomy":"post_tag","embeddable":true,"href":"https:\/\/elpajaritonews.com\/index.php?rest_route=%2Fwp%2Fv2%2Ftags&post=63641"}],"curies":[{"name":"wp","href":"https:\/\/api.w.org\/{rel}","templated":true}]}}