{"id":63665,"date":"2025-01-15T17:45:11","date_gmt":"2025-01-16T00:45:11","guid":{"rendered":"https:\/\/elpajaritonews.com\/?p=63665"},"modified":"2025-01-15T17:58:34","modified_gmt":"2025-01-16T00:58:34","slug":"gobernador-durazo-y-gobierno-de-mexico-garantizan-apoyos-directos-al-campo-sonorense","status":"publish","type":"post","link":"https:\/\/elpajaritonews.com\/?p=63665","title":{"rendered":"GOBERNADOR DURAZO Y GOBIERNO DE M\u00c9XICO GARANTIZAN APOYOS DIRECTOS AL CAMPO SONORENSE"},"content":{"rendered":"\n<p class=\"wp-block-paragraph\">-El gobernador Alfonso Durazo invit\u00f3 a productores del sur de la entidad a inscribirse en el Programa de Reconversi\u00f3n de Cultivos que busca impulsar mejores condiciones y oportunidades para construir un futuro agr\u00edcola sostenible.<\/p>\n\n\n\n<p class=\"wp-block-paragraph\">-Ante los efectos del cambio clim\u00e1tico, el Gobierno de Sonora junto con el federal destinar\u00e1 de manera directa apoyos a los agricultores para garantizar su producci\u00f3n y mitigar los efectos del cambio clim\u00e1tico con soluciones reales en beneficio del campo sonorense.<\/p>\n\n\n\n<p class=\"wp-block-paragraph\">Con el prop\u00f3sito de eficientar el consumo de agua en los valles de Sonora, el gobernador Alfonso Durazo Monta\u00f1o inst\u00f3 a los productores agr\u00edcolas del sur del estado a registrarse en el Programa de Reconversi\u00f3n de cultivos, mismo que garantiza un mejor rendimiento de su producci\u00f3n en cada ciclo.<\/p>\n\n\n\n<p class=\"wp-block-paragraph\">El mandatario sonorense indic\u00f3 que dicho programa ofrece un apoyo de cinco mil pesos por hect\u00e1rea sembrada de c\u00e1rtamo a los agricultores y se busca con ello asegurar una reconversi\u00f3n sostenible a largo plazo, como una acci\u00f3n estrat\u00e9gica a los efectos del cambio clim\u00e1tico percibidos en el estado.<\/p>\n\n\n\n<p class=\"wp-block-paragraph\">Destac\u00f3 un acuerdo logrado con la industria aceitera y el gobierno federal, para establecer un precio de 425 d\u00f3lares por tonelada de c\u00e1rtamo a los productores que se sumen a esta iniciativa con miras a construir un futuro sostenible.<\/p>\n\n\n\n<p class=\"wp-block-paragraph\">\u00abGracias a un acuerdo con la industria aceitera y apoyados por el gobierno federal, hemos conseguido un precio de 425 d\u00f3lares por tonelada de c\u00e1rtamo. Adem\u00e1s, el gobierno del estado se suma a este esfuerzo con un apoyo de 12.50 d\u00f3lares por tonelada\u00bb, asever\u00f3.<\/p>\n\n\n\n<p class=\"wp-block-paragraph\">Indic\u00f3 que, como parte de la estrategia de beneficios a los agricultores, se apoyar\u00e1 el rastreo fitosanitario, a fin de garantizar la sanidad de los cultivos y prevenir posibles plagas o enfermedades que puedan afectar la producci\u00f3n.<\/p>\n\n\n\n<p class=\"wp-block-paragraph\">El gobernador Durazo reiter\u00f3 la convocatoria a acudir a las juntas de sanidad vegetal para solicitar dicho apoyo y obtener la informaci\u00f3n necesaria sobre los procedimientos a seguir.<\/p>\n","protected":false},"excerpt":{"rendered":"<p>-El gobernador Alfonso Durazo invit\u00f3 a productores del sur de la entidad a inscribirse en el Programa de Reconversi\u00f3n de Cultivos que busca impulsar mejores condiciones y oportunidades para construir un futuro agr\u00edcola sostenible. -Ante los efectos del cambio clim\u00e1tico, el Gobierno de Sonora junto con el federal destinar\u00e1 de manera directa apoyos a los&#8230;<\/p>\n","protected":false},"author":2,"featured_media":63666,"comment_status":"closed","ping_status":"closed","sticky":false,"template":"","format":"standard","meta":{"_crdt_document":"","_exactmetrics_skip_tracking":false,"_exactmetrics_sitenote_active":false,"_exactmetrics_sitenote_note":"","_exactmetrics_sitenote_category":0,"footnotes":""},"categories":[36,26,23,31,27,69],"tags":[71,72,30],"class_list":["post-63665","post","type-post","status-publish","format-standard","has-post-thumbnail","hentry","category-economia","category-local","category-mexico","category-politica","category-sonora","category-ultimas-noticias","tag-alfonso-durazo","tag-claudia-sheinbaum","tag-sonora-tierra-de-oportunidades"],"_links":{"self":[{"href":"https:\/\/elpajaritonews.com\/index.php?rest_route=\/wp\/v2\/posts\/63665","targetHints":{"allow":["GET"]}}],"collection":[{"href":"https:\/\/elpajaritonews.com\/index.php?rest_route=\/wp\/v2\/posts"}],"about":[{"href":"https:\/\/elpajaritonews.com\/index.php?rest_route=\/wp\/v2\/types\/post"}],"author":[{"embeddable":true,"href":"https:\/\/elpajaritonews.com\/index.php?rest_route=\/wp\/v2\/users\/2"}],"replies":[{"embeddable":true,"href":"https:\/\/elpajaritonews.com\/index.php?rest_route=%2Fwp%2Fv2%2Fcomments&post=63665"}],"version-history":[{"count":2,"href":"https:\/\/elpajaritonews.com\/index.php?rest_route=\/wp\/v2\/posts\/63665\/revisions"}],"predecessor-version":[{"id":63668,"href":"https:\/\/elpajaritonews.com\/index.php?rest_route=\/wp\/v2\/posts\/63665\/revisions\/63668"}],"wp:featuredmedia":[{"embeddable":true,"href":"https:\/\/elpajaritonews.com\/index.php?rest_route=\/wp\/v2\/media\/63666"}],"wp:attachment":[{"href":"https:\/\/elpajaritonews.com\/index.php?rest_route=%2Fwp%2Fv2%2Fmedia&parent=63665"}],"wp:term":[{"taxonomy":"category","embeddable":true,"href":"https:\/\/elpajaritonews.com\/index.php?rest_route=%2Fwp%2Fv2%2Fcategories&post=63665"},{"taxonomy":"post_tag","embeddable":true,"href":"https:\/\/elpajaritonews.com\/index.php?rest_route=%2Fwp%2Fv2%2Ftags&post=63665"}],"curies":[{"name":"wp","href":"https:\/\/api.w.org\/{rel}","templated":true}]}}