{"id":63678,"date":"2025-01-16T12:24:12","date_gmt":"2025-01-16T19:24:12","guid":{"rendered":"https:\/\/elpajaritonews.com\/?p=63678"},"modified":"2025-01-16T12:24:15","modified_gmt":"2025-01-16T19:24:15","slug":"gobernador-durazo-resalta-respaldo-de-presidenta-sheinbaum-para-produccion-de-olinia-en-sonora","status":"publish","type":"post","link":"https:\/\/elpajaritonews.com\/?p=63678","title":{"rendered":"GOBERNADOR DURAZO RESALTA RESPALDO DE PRESIDENTA SHEINBAUM PARA PRODUCCI\u00d3N DE OLINIA EN SONORA"},"content":{"rendered":"\n<p class=\"wp-block-paragraph\">-El mandatario estatal reconoci\u00f3 el respaldo de la presidenta Claudia Sheinbaum Pardo para la construcci\u00f3n del auto el\u00e9ctrico Olinia en Sonora, gracias a las ventajas competitivas con las que cuenta el estado, potenciadas con la implementaci\u00f3n del Plan Sonora de Energ\u00edas Sostenibles.<\/p>\n\n\n\n<p class=\"wp-block-paragraph\">-De acuerdo con el anuncio de la presidenta Sheinbaum, Sonora es un nicho que cumple con las especificaciones de fabricaci\u00f3n de una unidad el\u00e9ctrica a un costo accesible, por lo que el estado se coloca a la vanguardia en materia de electromovilidad.<\/p>\n\n\n\n<figure class=\"wp-block-embed is-type-video is-provider-youtube wp-block-embed-youtube wp-embed-aspect-16-9 wp-has-aspect-ratio\"><div class=\"wp-block-embed__wrapper\">\n<iframe loading=\"lazy\" title=\"Conferencia de prensa matutina. Jueves 16 de enero 2025 | Presidenta Claudia Sheinbaum\" width=\"640\" height=\"360\" src=\"https:\/\/www.youtube.com\/embed\/p-XpHTtF_BI?feature=oembed\" frameborder=\"0\" allow=\"accelerometer; autoplay; clipboard-write; encrypted-media; gyroscope; picture-in-picture; web-share\" referrerpolicy=\"strict-origin-when-cross-origin\" allowfullscreen><\/iframe>\n<\/div><\/figure>\n\n\n\n<p class=\"wp-block-paragraph\">Sonora ser\u00e1 una de las entidades en las que se fabricar\u00e1 el auto el\u00e9ctrico mexicano Olinia, en sinton\u00eda con las vertientes que conforman el Plan Sonora de Energ\u00edas Sostenibles, por la competitividad y el potencial que representa en el uso de recursos sustentables, electromovilidad y semiconductores, creando el nicho requerido para la producci\u00f3n de este veh\u00edculo impulsado por la presidenta Claudia Sheinbaum Pardo, destac\u00f3 el gobernador Alfonso Durazo Monta\u00f1o.<\/p>\n\n\n\n<p class=\"wp-block-paragraph\">El mandatario estatal reconoci\u00f3 el respaldo de la presidenta de M\u00e9xico para que Sonora sea una de las sedes principales para la manufactura de este veh\u00edculo, ya que su vocaci\u00f3n industrial y el impulso a un desarrollo sustentable a trav\u00e9s de la electromovilidad colocan al estado a la vanguardia para la fabricaci\u00f3n de autos el\u00e9ctricos.<\/p>\n\n\n\n<p class=\"wp-block-paragraph\">En su conferencia de prensa matutina, la presidenta Sheinbaum Pardo dio a conocer que Sonora es un nicho importante para la fabricaci\u00f3n del auto el\u00e9ctrico Olinia, ya que se busca que sean unidades con un costo m\u00e1s accesible que los carros compactos comerciales, tomando en consideraci\u00f3n cuestiones de log\u00edstica como su transportaci\u00f3n.<\/p>\n\n\n\n<p class=\"wp-block-paragraph\">El titular del Ejecutivo Estatal a\u00f1adi\u00f3 que el estado est\u00e1 a la altura del reto para la construcci\u00f3n del auto el\u00e9ctrico Olinia, ya que con el Plan Sonora de Energ\u00edas Sostenibles, en la vertiente de electromovilidad, la entidad avanza a nivel global para un desarrollo m\u00e1s amigable con el medio ambiente.<\/p>\n\n\n\n<p class=\"wp-block-paragraph\">\u2022&nbsp;&nbsp;&nbsp;&nbsp;&nbsp;&nbsp;&nbsp;&nbsp;&nbsp;&nbsp;&nbsp;&nbsp; Durante la ma\u00f1anera de este jueves, la presidenta de M\u00e9xico, Claudia Sheinbaum confirm\u00f3, que, dentro del programa carretero, para este 2025 iniciar\u00e1 y quedar\u00e1 concluida la construcci\u00f3n de la carretera Bavispe-Nuevo Casas Grandes<\/p>\n\n\n\n<p class=\"wp-block-paragraph\">\u2022&nbsp;&nbsp;&nbsp;&nbsp;&nbsp;&nbsp;&nbsp;&nbsp;&nbsp;&nbsp;&nbsp;&nbsp; Se trata de un total de 69 kil\u00f3metros de carretera los que se van a construir.<\/p>\n\n\n\n<p class=\"wp-block-paragraph\">\u2022&nbsp;&nbsp;&nbsp;&nbsp;&nbsp;&nbsp;&nbsp;&nbsp;&nbsp;&nbsp;&nbsp;&nbsp; La presidenta detall\u00f3 que las obras se decidieron por prioridad de conectividad en el pa\u00eds.<\/p>\n","protected":false},"excerpt":{"rendered":"<p>-El mandatario estatal reconoci\u00f3 el respaldo de la presidenta Claudia Sheinbaum Pardo para la construcci\u00f3n del auto el\u00e9ctrico Olinia en Sonora, gracias a las ventajas competitivas con las que cuenta el estado, potenciadas con la implementaci\u00f3n del Plan Sonora de Energ\u00edas Sostenibles. -De acuerdo con el anuncio de la presidenta Sheinbaum, Sonora es un nicho&#8230;<\/p>\n","protected":false},"author":2,"featured_media":63679,"comment_status":"closed","ping_status":"closed","sticky":false,"template":"","format":"standard","meta":{"_crdt_document":"","_exactmetrics_skip_tracking":false,"_exactmetrics_sitenote_active":false,"_exactmetrics_sitenote_note":"","_exactmetrics_sitenote_category":0,"footnotes":""},"categories":[36,26,23,31,27,69,65],"tags":[71,72,74,30],"class_list":["post-63678","post","type-post","status-publish","format-standard","has-post-thumbnail","hentry","category-economia","category-local","category-mexico","category-politica","category-sonora","category-ultimas-noticias","category-videos","tag-alfonso-durazo","tag-claudia-sheinbaum","tag-hermosillo","tag-sonora-tierra-de-oportunidades"],"_links":{"self":[{"href":"https:\/\/elpajaritonews.com\/index.php?rest_route=\/wp\/v2\/posts\/63678","targetHints":{"allow":["GET"]}}],"collection":[{"href":"https:\/\/elpajaritonews.com\/index.php?rest_route=\/wp\/v2\/posts"}],"about":[{"href":"https:\/\/elpajaritonews.com\/index.php?rest_route=\/wp\/v2\/types\/post"}],"author":[{"embeddable":true,"href":"https:\/\/elpajaritonews.com\/index.php?rest_route=\/wp\/v2\/users\/2"}],"replies":[{"embeddable":true,"href":"https:\/\/elpajaritonews.com\/index.php?rest_route=%2Fwp%2Fv2%2Fcomments&post=63678"}],"version-history":[{"count":1,"href":"https:\/\/elpajaritonews.com\/index.php?rest_route=\/wp\/v2\/posts\/63678\/revisions"}],"predecessor-version":[{"id":63680,"href":"https:\/\/elpajaritonews.com\/index.php?rest_route=\/wp\/v2\/posts\/63678\/revisions\/63680"}],"wp:featuredmedia":[{"embeddable":true,"href":"https:\/\/elpajaritonews.com\/index.php?rest_route=\/wp\/v2\/media\/63679"}],"wp:attachment":[{"href":"https:\/\/elpajaritonews.com\/index.php?rest_route=%2Fwp%2Fv2%2Fmedia&parent=63678"}],"wp:term":[{"taxonomy":"category","embeddable":true,"href":"https:\/\/elpajaritonews.com\/index.php?rest_route=%2Fwp%2Fv2%2Fcategories&post=63678"},{"taxonomy":"post_tag","embeddable":true,"href":"https:\/\/elpajaritonews.com\/index.php?rest_route=%2Fwp%2Fv2%2Ftags&post=63678"}],"curies":[{"name":"wp","href":"https:\/\/api.w.org\/{rel}","templated":true}]}}