{"id":63693,"date":"2025-01-16T15:32:05","date_gmt":"2025-01-16T22:32:05","guid":{"rendered":"https:\/\/elpajaritonews.com\/?p=63693"},"modified":"2025-01-16T15:32:08","modified_gmt":"2025-01-16T22:32:08","slug":"claudia-sheinbaum-lidera-encuentro-nacional-con-alcaldes-y-gobernadores-de-todos-los-partidos-politicos","status":"publish","type":"post","link":"https:\/\/elpajaritonews.com\/?p=63693","title":{"rendered":"CLAUDIA SHEINBAUM LIDERA ENCUENTRO NACIONAL CON ALCALDES Y GOBERNADORES DE TODOS LOS PARTIDOS POL\u00cdTICOS;"},"content":{"rendered":"\n<ul class=\"wp-block-list\">\n<li>Hizo un llamado a las y los gobernadores, as\u00ed como a las y los presidentes municipales a sumar esfuerzos para impulsar acciones que garanticen el acceso al agua potable, a los derechos de pueblos ind\u00edgenas y para la construcci\u00f3n de la paz<\/li>\n\n\n\n<li>Los gobernadores de Quer\u00e9taro, Durango y Nuevo Le\u00f3n reconocieron el trabajo realizado por la Presidenta de M\u00e9xico     <\/li>\n<\/ul>\n\n\n\n<p class=\"wp-block-paragraph\">Con el objetivo de unir esfuerzos para la construcci\u00f3n de la paz, garantizar el acceso al agua potable y hacer valer los derechos constitucionales de los pueblos ind\u00edgenas en todo el pa\u00eds, la Presidenta de M\u00e9xico, Claudia Sheinbaum Pardo encabez\u00f3 el Encuentro Nacional Municipal, en el que participaron alcaldes, alcaldesas, gobernadores y gobernadoras de todo el pa\u00eds, as\u00ed como de todos los partidos pol\u00edticos.<\/p>\n\n\n\n<p class=\"wp-block-paragraph\">\u201cM\u00e9xico es un pa\u00eds grandioso y mientras permanezcamos unidos no hay ning\u00fan problema que no podamos enfrentar juntas y juntos\u201d, fue el mensaje a las y los gobernantes.<\/p>\n\n\n\n<figure class=\"wp-block-embed is-type-video is-provider-youtube wp-block-embed-youtube wp-embed-aspect-16-9 wp-has-aspect-ratio\"><div class=\"wp-block-embed__wrapper\">\n<iframe loading=\"lazy\" title=\"Encuentro Nacional Municipal. Ciudad de M\u00e9xico. 16 de enero de 2025\" width=\"640\" height=\"360\" src=\"https:\/\/www.youtube.com\/embed\/O-KuzjYtlkw?feature=oembed\" frameborder=\"0\" allow=\"accelerometer; autoplay; clipboard-write; encrypted-media; gyroscope; picture-in-picture; web-share\" referrerpolicy=\"strict-origin-when-cross-origin\" allowfullscreen><\/iframe>\n<\/div><\/figure>\n\n\n\n<p class=\"wp-block-paragraph\">Durante el encuentro se firm\u00f3 el convenio para la creaci\u00f3n del Componente Ind\u00edgena del Fondo de Aportaciones para la Infraestructura Social (FAIS), que busca reconocer los derechos constitucionales que ahora tienen los pueblos originarios, a trav\u00e9s de la asignaci\u00f3n directa de estos recursos para que ellos, conforme a sus usos y costumbres, elijan las obras en las que quieren invertir. Para ello, destac\u00f3 que el objetivo es realizar m\u00e0s de 13 mil asambleas junto a los miembros de las comunidades orginarias.<\/p>\n\n\n\n<p class=\"wp-block-paragraph\">Asimismo invit\u00f3 a las y los alcaldes, as\u00ed como a las y los gobernadores para garantizar el acceso al agua potable, a trav\u00e9s del seguimiento de un Plan Maestro, que sume los recursos de los tres niveles de gobierno para realizar acciones espec\u00edficas de mayor alcance durante los pr\u00f3ximos tres a\u00f1os.<\/p>\n\n\n\n<p class=\"wp-block-paragraph\">\u00abQue juntas y juntos podamos resolver los problemas relacionados con la infraestructura de agua en nuestros municipios y de saneamiento\u00bb, coment\u00f3.<\/p>\n\n\n\n<p class=\"wp-block-paragraph\">Finalmente, record\u00f3 que el eje de la atenci\u00f3n de las causas es parte fundamental de la Estrategia Nacional de Seguridad, por lo que invit\u00f3 a los mandatarios a realizar en coordinaci\u00f3n la construcci\u00f3n de los Caminos de Paz, un programa basado en los Senderos Seguros que implement\u00f3 cuando fue Jefa de Gobierno en la Ciudad de M\u00e9xico y cuyo objetivo es garantizar caminos seguros a mujeres y ni\u00f1as.<\/p>\n\n\n\n<p class=\"wp-block-paragraph\">\u201cTodo esto es parte del presupuesto que llega a los municipios para beneficio de las y los mexicanos. Esto lo quer\u00edamos compartir con ustedes, es algo importante, es un esfuerzo grande que estamos haciendo: presupuesto para los pueblos y comunidades ind\u00edgenas, el apoyo para resolver los problemas de agua y que juntos y juntas construyamos Caminos de Paz en todo nuestro territorio\u201d, se\u00f1al\u00f3.<\/p>\n\n\n\n<p class=\"wp-block-paragraph\">Record\u00f3 que, como exalcaldesa de Tlalpan, conoce los problemas que enfrentan las y los presidentes municipales en el ejercicio de gobierno y por ello asever\u00f3 es continuar reuniendose en el futuro.<\/p>\n\n\n\n<p class=\"wp-block-paragraph\">\u201cQue sepan que la Presidenta, a lo mejor no puede llegar a todos los municipios del pa\u00eds, pero que estamos presentes; no se me olvida lo que es ser presidenta municipal, que sabemos lo que es ser alcaldesa, que sabemos lo que viven y que son parte de este gobierno de nuestro pa\u00eds que est\u00e1 transformando para bien nuestro M\u00e9xico\u201d, concluy\u00f3.<\/p>\n","protected":false},"excerpt":{"rendered":"<p>Con el objetivo de unir esfuerzos para la construcci\u00f3n de la paz, garantizar el acceso al agua potable y hacer valer los derechos constitucionales de los pueblos ind\u00edgenas en todo el pa\u00eds, la Presidenta de M\u00e9xico, Claudia Sheinbaum Pardo encabez\u00f3 el Encuentro Nacional Municipal, en el que participaron alcaldes, alcaldesas, gobernadores y gobernadoras de todo&#8230;<\/p>\n","protected":false},"author":2,"featured_media":63694,"comment_status":"closed","ping_status":"closed","sticky":false,"template":"","format":"standard","meta":{"_crdt_document":"","_exactmetrics_skip_tracking":false,"_exactmetrics_sitenote_active":false,"_exactmetrics_sitenote_note":"","_exactmetrics_sitenote_category":0,"footnotes":""},"categories":[36,26,23,31,27,69,65],"tags":[71,72],"class_list":["post-63693","post","type-post","status-publish","format-standard","has-post-thumbnail","hentry","category-economia","category-local","category-mexico","category-politica","category-sonora","category-ultimas-noticias","category-videos","tag-alfonso-durazo","tag-claudia-sheinbaum"],"_links":{"self":[{"href":"https:\/\/elpajaritonews.com\/index.php?rest_route=\/wp\/v2\/posts\/63693","targetHints":{"allow":["GET"]}}],"collection":[{"href":"https:\/\/elpajaritonews.com\/index.php?rest_route=\/wp\/v2\/posts"}],"about":[{"href":"https:\/\/elpajaritonews.com\/index.php?rest_route=\/wp\/v2\/types\/post"}],"author":[{"embeddable":true,"href":"https:\/\/elpajaritonews.com\/index.php?rest_route=\/wp\/v2\/users\/2"}],"replies":[{"embeddable":true,"href":"https:\/\/elpajaritonews.com\/index.php?rest_route=%2Fwp%2Fv2%2Fcomments&post=63693"}],"version-history":[{"count":1,"href":"https:\/\/elpajaritonews.com\/index.php?rest_route=\/wp\/v2\/posts\/63693\/revisions"}],"predecessor-version":[{"id":63695,"href":"https:\/\/elpajaritonews.com\/index.php?rest_route=\/wp\/v2\/posts\/63693\/revisions\/63695"}],"wp:featuredmedia":[{"embeddable":true,"href":"https:\/\/elpajaritonews.com\/index.php?rest_route=\/wp\/v2\/media\/63694"}],"wp:attachment":[{"href":"https:\/\/elpajaritonews.com\/index.php?rest_route=%2Fwp%2Fv2%2Fmedia&parent=63693"}],"wp:term":[{"taxonomy":"category","embeddable":true,"href":"https:\/\/elpajaritonews.com\/index.php?rest_route=%2Fwp%2Fv2%2Fcategories&post=63693"},{"taxonomy":"post_tag","embeddable":true,"href":"https:\/\/elpajaritonews.com\/index.php?rest_route=%2Fwp%2Fv2%2Ftags&post=63693"}],"curies":[{"name":"wp","href":"https:\/\/api.w.org\/{rel}","templated":true}]}}