{"id":63717,"date":"2025-01-17T18:09:15","date_gmt":"2025-01-18T01:09:15","guid":{"rendered":"https:\/\/elpajaritonews.com\/?p=63717"},"modified":"2025-01-17T18:09:17","modified_gmt":"2025-01-18T01:09:17","slug":"gobernador-durazo-rescata-espacios-de-tradicion-con-rehabilitacion-de-kiosco-de-la-sauceda","status":"publish","type":"post","link":"https:\/\/elpajaritonews.com\/?p=63717","title":{"rendered":"GOBERNADOR DURAZO RESCATA ESPACIOS DE TRADICI\u00d3N CON REHABILITACI\u00d3N DE KIOSCO DE LA SAUCEDA"},"content":{"rendered":"\n<p class=\"wp-block-paragraph\">-Con la rehabilitaci\u00f3n del tradicional Kiosco se brinda un \u00e1rea de esparcimiento gratuito para las familias sonorenses y se fomenta la sana convivencia entre los asistentes a La Sauceda.<\/p>\n\n\n\n<p class=\"wp-block-paragraph\">-Para darle vida a este espacio que se encontraba en total abandono dentro del parque, se rehabilitaron acabados con impermeabilizante y teja de barro, plaf\u00f3n interior y se recuperaron jardineras, y pergolados.<\/p>\n\n\n\n<p class=\"wp-block-paragraph\">-La primera etapa de rehabilitaci\u00f3n de La Sauceda, iniciada por el gobernador Alfonso Durazo, presenta un avance del 90% y se han aplicado 200 millones de pesos de inversi\u00f3n.<\/p>\n\n\n\n<p class=\"wp-block-paragraph\">Con la rehabilitaci\u00f3n del kiosco, un lugar ic\u00f3nico dentro del parque recreativo La Sauceda, el gobernador Alfonso Durazo Monta\u00f1o devolvi\u00f3 un espacio de tradici\u00f3n donde pr\u00f3ximamente se reencontrar\u00e1n cientos de familias sonorenses, que podr\u00e1n disfrutar de este centro de convivencia con acceso gratuito.<\/p>\n\n\n\n<p class=\"wp-block-paragraph\">Tras varios a\u00f1os de abandono y al encontrarse en malas condiciones, como parte de las acciones de rehabilitaci\u00f3n del parque recreativo, el gobernador Durazo Monta\u00f1o trabaj\u00f3 en la remodelaci\u00f3n de este sitio emblem\u00e1tico, donde se rehabilitaron acabados con impermeabilizante y teja de barro, plaf\u00f3n interior, se recuperaron jardineras y pergolados.<\/p>\n\n\n\n<p class=\"wp-block-paragraph\">Adem\u00e1s, se instal\u00f3 adoqu\u00edn, pasto natural con semillas locales y se construyeron cuatro kioscos individuales para la venta de productos, as\u00ed como la renovaci\u00f3n completa del mobiliario.<\/p>\n\n\n\n<p class=\"wp-block-paragraph\">El gobernador Durazo Monta\u00f1o refrend\u00f3 el compromiso de su administraci\u00f3n por regresarles a las y los sonorenses \u00e1reas de sano esparcimiento, donde se fomente la libre convivencia entre las familias que acudan al parque recreativo La Sauceda.<\/p>\n\n\n\n<p class=\"wp-block-paragraph\">La primera etapa de rehabilitaci\u00f3n del parque urbano presenta un avance del 90%, abarcando 10 hect\u00e1reas con nueva infraestructura y 14.5 hect\u00e1reas de arboledas, con una inversi\u00f3n total de 200 millones de pesos, que incluye tambi\u00e9n el foro al aire libre, estacionamientos, ba\u00f1os, juegos, y un andador principal.<\/p>\n","protected":false},"excerpt":{"rendered":"<p>-Con la rehabilitaci\u00f3n del tradicional Kiosco se brinda un \u00e1rea de esparcimiento gratuito para las familias sonorenses y se fomenta la sana convivencia entre los asistentes a La Sauceda. -Para darle vida a este espacio que se encontraba en total abandono dentro del parque, se rehabilitaron acabados con impermeabilizante y teja de barro, plaf\u00f3n interior&#8230;<\/p>\n","protected":false},"author":2,"featured_media":63718,"comment_status":"closed","ping_status":"closed","sticky":false,"template":"","format":"standard","meta":{"_crdt_document":"","_exactmetrics_skip_tracking":false,"_exactmetrics_sitenote_active":false,"_exactmetrics_sitenote_note":"","_exactmetrics_sitenote_category":0,"footnotes":""},"categories":[22,37,31,27,69],"tags":[71,72,74,30],"class_list":["post-63717","post","type-post","status-publish","format-standard","has-post-thumbnail","hentry","category-escena","category-medio-ambiente","category-politica","category-sonora","category-ultimas-noticias","tag-alfonso-durazo","tag-claudia-sheinbaum","tag-hermosillo","tag-sonora-tierra-de-oportunidades"],"_links":{"self":[{"href":"https:\/\/elpajaritonews.com\/index.php?rest_route=\/wp\/v2\/posts\/63717","targetHints":{"allow":["GET"]}}],"collection":[{"href":"https:\/\/elpajaritonews.com\/index.php?rest_route=\/wp\/v2\/posts"}],"about":[{"href":"https:\/\/elpajaritonews.com\/index.php?rest_route=\/wp\/v2\/types\/post"}],"author":[{"embeddable":true,"href":"https:\/\/elpajaritonews.com\/index.php?rest_route=\/wp\/v2\/users\/2"}],"replies":[{"embeddable":true,"href":"https:\/\/elpajaritonews.com\/index.php?rest_route=%2Fwp%2Fv2%2Fcomments&post=63717"}],"version-history":[{"count":1,"href":"https:\/\/elpajaritonews.com\/index.php?rest_route=\/wp\/v2\/posts\/63717\/revisions"}],"predecessor-version":[{"id":63719,"href":"https:\/\/elpajaritonews.com\/index.php?rest_route=\/wp\/v2\/posts\/63717\/revisions\/63719"}],"wp:featuredmedia":[{"embeddable":true,"href":"https:\/\/elpajaritonews.com\/index.php?rest_route=\/wp\/v2\/media\/63718"}],"wp:attachment":[{"href":"https:\/\/elpajaritonews.com\/index.php?rest_route=%2Fwp%2Fv2%2Fmedia&parent=63717"}],"wp:term":[{"taxonomy":"category","embeddable":true,"href":"https:\/\/elpajaritonews.com\/index.php?rest_route=%2Fwp%2Fv2%2Fcategories&post=63717"},{"taxonomy":"post_tag","embeddable":true,"href":"https:\/\/elpajaritonews.com\/index.php?rest_route=%2Fwp%2Fv2%2Ftags&post=63717"}],"curies":[{"name":"wp","href":"https:\/\/api.w.org\/{rel}","templated":true}]}}