{"id":63832,"date":"2025-01-22T19:53:12","date_gmt":"2025-01-23T02:53:12","guid":{"rendered":"https:\/\/elpajaritonews.com\/?p=63832"},"modified":"2025-01-22T19:53:14","modified_gmt":"2025-01-23T02:53:14","slug":"modificacion-de-horario-se-amplia-a-13-municipios-por-recomendacion-de-proteccion-civil-sec","status":"publish","type":"post","link":"https:\/\/elpajaritonews.com\/?p=63832","title":{"rendered":"MODIFICACI\u00d3N DE HORARIO SE AMPL\u00cdA A 13 MUNICIPIOS POR RECOMENDACI\u00d3N DE PROTECCI\u00d3N CIVIL: SEC"},"content":{"rendered":"\n<p class=\"wp-block-paragraph\">Por recomendaci\u00f3n de la Coordinaci\u00f3n Estatal de Protecci\u00f3n Civil (CEPC) la modificaci\u00f3n del horario de clases se ampliar\u00e1 a 13 municipios de Sonora, los d\u00edas jueves 23 y viernes 24 de enero, ante las condiciones meteorol\u00f3gicas que prevalecen en la regi\u00f3n, anunci\u00f3 Froyl\u00e1n G\u00e1mez Gamboa.<\/p>\n\n\n\n<figure class=\"wp-block-image size-large\"><img loading=\"lazy\" decoding=\"async\" width=\"1024\" height=\"1024\" src=\"https:\/\/elpajaritonews.com\/wp-content\/uploads\/2025\/01\/c223522c-7622-4db1-9aef-d889a2c6f63f-1024x1024.jpg\" alt=\"\" class=\"wp-image-63834\" srcset=\"https:\/\/elpajaritonews.com\/wp-content\/uploads\/2025\/01\/c223522c-7622-4db1-9aef-d889a2c6f63f-1024x1024.jpg 1024w, https:\/\/elpajaritonews.com\/wp-content\/uploads\/2025\/01\/c223522c-7622-4db1-9aef-d889a2c6f63f-300x300.jpg 300w, https:\/\/elpajaritonews.com\/wp-content\/uploads\/2025\/01\/c223522c-7622-4db1-9aef-d889a2c6f63f-150x150.jpg 150w, https:\/\/elpajaritonews.com\/wp-content\/uploads\/2025\/01\/c223522c-7622-4db1-9aef-d889a2c6f63f-768x768.jpg 768w, https:\/\/elpajaritonews.com\/wp-content\/uploads\/2025\/01\/c223522c-7622-4db1-9aef-d889a2c6f63f-1536x1536.jpg 1536w, https:\/\/elpajaritonews.com\/wp-content\/uploads\/2025\/01\/c223522c-7622-4db1-9aef-d889a2c6f63f.jpg 1600w\" sizes=\"auto, (max-width: 1024px) 100vw, 1024px\" \/><\/figure>\n\n\n\n<p class=\"wp-block-paragraph\">El titular de la Secretar\u00eda de Educaci\u00f3n y Cultura (SEC) detall\u00f3 que dichos municipios son: Altar, \u00c1til, Benjam\u00edn Hill, Caborca, General Plutarco El\u00edas Calles, Opodepe, Oquitoa, Pitiquito, Puerto Pe\u00f1asco, Ray\u00f3n, Santa Ana, San Luis R\u00edo Colorado y Trincheras.<\/p>\n\n\n\n<p class=\"wp-block-paragraph\">Al igual que en los 41 municipios donde ya se aplica la medida preventiva desde este mi\u00e9rcoles, la entrada a clases ser\u00e1 una hora despu\u00e9s, en el turno matutino y se adelantar\u00e1 una hora la salida en el turno vespertino, en escuelas p\u00fablicas y particulares de nivel b\u00e1sico.<\/p>\n\n\n\n<p class=\"wp-block-paragraph\">De acuerdo con la informaci\u00f3n proporcionada por la CEPC, se tom\u00f3 la decisi\u00f3n por la continuidad de los efectos adversos de la masa de aire \u00e1rtico, asociada al Frente Fr\u00edo 24, que han generado un descenso marcado de temperaturas.<\/p>\n\n\n\n<p class=\"wp-block-paragraph\">El funcionario estatal hizo un llamado a enviar bien abrigados a los estudiantes para cuidar su salud y exhort\u00f3 a la sociedad en general a permanecer atenta a cualquier aviso que emitan las autoridades correspondientes a trav\u00e9s de los medios oficiales de informaci\u00f3n.<\/p>\n","protected":false},"excerpt":{"rendered":"<p>Por recomendaci\u00f3n de la Coordinaci\u00f3n Estatal de Protecci\u00f3n Civil (CEPC) la modificaci\u00f3n del horario de clases se ampliar\u00e1 a 13 municipios de Sonora, los d\u00edas jueves 23 y viernes 24 de enero, ante las condiciones meteorol\u00f3gicas que prevalecen en la regi\u00f3n, anunci\u00f3 Froyl\u00e1n G\u00e1mez Gamboa. El titular de la Secretar\u00eda de Educaci\u00f3n y Cultura (SEC)&#8230;<\/p>\n","protected":false},"author":2,"featured_media":63833,"comment_status":"closed","ping_status":"closed","sticky":false,"template":"","format":"standard","meta":{"_crdt_document":"","_exactmetrics_skip_tracking":false,"_exactmetrics_sitenote_active":false,"_exactmetrics_sitenote_note":"","_exactmetrics_sitenote_category":0,"footnotes":""},"categories":[33,26,37,31,1,27],"tags":[],"class_list":["post-63832","post","type-post","status-publish","format-standard","has-post-thumbnail","hentry","category-educacion","category-local","category-medio-ambiente","category-politica","category-seguridad","category-sonora"],"_links":{"self":[{"href":"https:\/\/elpajaritonews.com\/index.php?rest_route=\/wp\/v2\/posts\/63832","targetHints":{"allow":["GET"]}}],"collection":[{"href":"https:\/\/elpajaritonews.com\/index.php?rest_route=\/wp\/v2\/posts"}],"about":[{"href":"https:\/\/elpajaritonews.com\/index.php?rest_route=\/wp\/v2\/types\/post"}],"author":[{"embeddable":true,"href":"https:\/\/elpajaritonews.com\/index.php?rest_route=\/wp\/v2\/users\/2"}],"replies":[{"embeddable":true,"href":"https:\/\/elpajaritonews.com\/index.php?rest_route=%2Fwp%2Fv2%2Fcomments&post=63832"}],"version-history":[{"count":1,"href":"https:\/\/elpajaritonews.com\/index.php?rest_route=\/wp\/v2\/posts\/63832\/revisions"}],"predecessor-version":[{"id":63835,"href":"https:\/\/elpajaritonews.com\/index.php?rest_route=\/wp\/v2\/posts\/63832\/revisions\/63835"}],"wp:featuredmedia":[{"embeddable":true,"href":"https:\/\/elpajaritonews.com\/index.php?rest_route=\/wp\/v2\/media\/63833"}],"wp:attachment":[{"href":"https:\/\/elpajaritonews.com\/index.php?rest_route=%2Fwp%2Fv2%2Fmedia&parent=63832"}],"wp:term":[{"taxonomy":"category","embeddable":true,"href":"https:\/\/elpajaritonews.com\/index.php?rest_route=%2Fwp%2Fv2%2Fcategories&post=63832"},{"taxonomy":"post_tag","embeddable":true,"href":"https:\/\/elpajaritonews.com\/index.php?rest_route=%2Fwp%2Fv2%2Ftags&post=63832"}],"curies":[{"name":"wp","href":"https:\/\/api.w.org\/{rel}","templated":true}]}}