{"id":63836,"date":"2025-01-22T20:03:50","date_gmt":"2025-01-23T03:03:50","guid":{"rendered":"https:\/\/elpajaritonews.com\/?p=63836"},"modified":"2025-01-22T20:03:52","modified_gmt":"2025-01-23T03:03:52","slug":"convoca-a-sesion-extraordinaria-diputacion-permanente-del-congreso-de-sonora","status":"publish","type":"post","link":"https:\/\/elpajaritonews.com\/?p=63836","title":{"rendered":"CONVOCA A SESI\u00d3N EXTRAORDINARIA DIPUTACI\u00d3N PERMANENTE DEL CONGRESO DE SONORA"},"content":{"rendered":"\n<p class=\"wp-block-paragraph\">Integrantes de la Diputaci\u00f3n Permanente del Congreso del Estado de Sonora convocaron a una sesi\u00f3n extraordinaria del Poder Legislativo, programada para el pr\u00f3ximo viernes 24 de enero a las 11:00 horas.<\/p>\n\n\n\n<figure class=\"wp-block-embed is-type-video is-provider-youtube wp-block-embed-youtube wp-embed-aspect-4-3 wp-has-aspect-ratio\"><div class=\"wp-block-embed__wrapper\">\n<iframe loading=\"lazy\" title=\"22 de Enero 2025 - Sesi\u00f3n de la Diputaci\u00f3n Permanente\" width=\"640\" height=\"480\" src=\"https:\/\/www.youtube.com\/embed\/EIWuY-ulRUU?feature=oembed\" frameborder=\"0\" allow=\"accelerometer; autoplay; clipboard-write; encrypted-media; gyroscope; picture-in-picture; web-share\" referrerpolicy=\"strict-origin-when-cross-origin\" allowfullscreen><\/iframe>\n<\/div><\/figure>\n\n\n\n<p class=\"wp-block-paragraph\">La diputada Ros\u00e1ngela Amairany Pe\u00f1a Escalante, del grupo parlamentario del Partido Encuentro Solidario (PES), dio lectura al decreto mediante el cual se convoca a la sesi\u00f3n extraordinaria, en la que se analizar\u00e1 la iniciativa presentada por la Comisi\u00f3n de R\u00e9gimen Interno y Concertaci\u00f3n Pol\u00edtica (Cricp). Dicha iniciativa tiene como finalidad integrar el Comit\u00e9 de Evaluaci\u00f3n previsto en la Ley N\u00famero 76, que reforma diversas disposiciones de la Constituci\u00f3n Pol\u00edtica del Estado de Sonora en materia del Poder Judicial.<\/p>\n\n\n\n<p class=\"wp-block-paragraph\">El Comit\u00e9 de Evaluaci\u00f3n ser\u00e1 responsable de revisar los perfiles de quienes aspiren a ocupar cargos como personas juzgadoras en el Poder Judicial, asegurando que cumplan con los m\u00e1s altos est\u00e1ndares de capacidad, honestidad y experiencia. Este proceso tiene el objetivo de fortalecer el sistema de justicia en la entidad.<\/p>\n\n\n\n<p class=\"wp-block-paragraph\">Por su parte, el diputado Emeterio Ochoa Baz\u00faa manifest\u00f3 su inconformidad respecto a que la Cricp no haya considerado solicitudes de participaci\u00f3n en la elaboraci\u00f3n de iniciativas y acuerdos, se\u00f1alando que dicha omisi\u00f3n vulnera el derecho de las y los legisladores. Asimismo, solicit\u00f3 que se le entreguen por escrito las razones por las cuales no se le permiti\u00f3 presentar su iniciativa relativa a la reforma al Poder Judicial, entre otros temas.<\/p>\n\n\n\n<p class=\"wp-block-paragraph\">Posteriormente, el diputado Omar Francisco Del Valle Colosio, del grupo parlamentario del Partido Verde Ecologista de M\u00e9xico (PVEM), en representaci\u00f3n de la Cricp, propuso incluir en el orden del d\u00eda un acuerdo para extender los trabajos de la Mesa Directiva durante el primer periodo ordinario y el primer periodo extraordinario del primer a\u00f1o de la 64 Legislatura.<\/p>\n\n\n\n<p class=\"wp-block-paragraph\">Al clausurar los trabajos de la reuni\u00f3n, el diputado Del Valle Colosio inform\u00f3 que, en su momento, se convocar\u00e1 a la pr\u00f3xima reuni\u00f3n a trav\u00e9s de la Gaceta Parlamentaria.<\/p>\n","protected":false},"excerpt":{"rendered":"<p>Integrantes de la Diputaci\u00f3n Permanente del Congreso del Estado de Sonora convocaron a una sesi\u00f3n extraordinaria del Poder Legislativo, programada para el pr\u00f3ximo viernes 24 de enero a las 11:00 horas. La diputada Ros\u00e1ngela Amairany Pe\u00f1a Escalante, del grupo parlamentario del Partido Encuentro Solidario (PES), dio lectura al decreto mediante el cual se convoca a&#8230;<\/p>\n","protected":false},"author":2,"featured_media":63837,"comment_status":"closed","ping_status":"closed","sticky":false,"template":"","format":"standard","meta":{"_crdt_document":"","_exactmetrics_skip_tracking":false,"_exactmetrics_sitenote_active":false,"_exactmetrics_sitenote_note":"","_exactmetrics_sitenote_category":0,"footnotes":""},"categories":[20,26,31,27,69],"tags":[73,75,30],"class_list":["post-63836","post","type-post","status-publish","format-standard","has-post-thumbnail","hentry","category-congreso","category-local","category-politica","category-sonora","category-ultimas-noticias","tag-congreso-del-estado-de-sonora","tag-seguridad-publica","tag-sonora-tierra-de-oportunidades"],"_links":{"self":[{"href":"https:\/\/elpajaritonews.com\/index.php?rest_route=\/wp\/v2\/posts\/63836","targetHints":{"allow":["GET"]}}],"collection":[{"href":"https:\/\/elpajaritonews.com\/index.php?rest_route=\/wp\/v2\/posts"}],"about":[{"href":"https:\/\/elpajaritonews.com\/index.php?rest_route=\/wp\/v2\/types\/post"}],"author":[{"embeddable":true,"href":"https:\/\/elpajaritonews.com\/index.php?rest_route=\/wp\/v2\/users\/2"}],"replies":[{"embeddable":true,"href":"https:\/\/elpajaritonews.com\/index.php?rest_route=%2Fwp%2Fv2%2Fcomments&post=63836"}],"version-history":[{"count":1,"href":"https:\/\/elpajaritonews.com\/index.php?rest_route=\/wp\/v2\/posts\/63836\/revisions"}],"predecessor-version":[{"id":63838,"href":"https:\/\/elpajaritonews.com\/index.php?rest_route=\/wp\/v2\/posts\/63836\/revisions\/63838"}],"wp:featuredmedia":[{"embeddable":true,"href":"https:\/\/elpajaritonews.com\/index.php?rest_route=\/wp\/v2\/media\/63837"}],"wp:attachment":[{"href":"https:\/\/elpajaritonews.com\/index.php?rest_route=%2Fwp%2Fv2%2Fmedia&parent=63836"}],"wp:term":[{"taxonomy":"category","embeddable":true,"href":"https:\/\/elpajaritonews.com\/index.php?rest_route=%2Fwp%2Fv2%2Fcategories&post=63836"},{"taxonomy":"post_tag","embeddable":true,"href":"https:\/\/elpajaritonews.com\/index.php?rest_route=%2Fwp%2Fv2%2Ftags&post=63836"}],"curies":[{"name":"wp","href":"https:\/\/api.w.org\/{rel}","templated":true}]}}