{"id":63856,"date":"2025-01-23T11:18:05","date_gmt":"2025-01-23T18:18:05","guid":{"rendered":"https:\/\/elpajaritonews.com\/?p=63856"},"modified":"2025-01-23T11:18:08","modified_gmt":"2025-01-23T18:18:08","slug":"vengan-a-producir-en-eu-o-tendran-que-pagar-aranceles-trump-en-davos","status":"publish","type":"post","link":"https:\/\/elpajaritonews.com\/?p=63856","title":{"rendered":"\u00abVENGAN A PRODUCIR EN EU\u00bb O \u00abTENDR\u00c1N QUE PAGAR ARANCELES\u00bb: TRUMP EN DAVOS"},"content":{"rendered":"\n<p class=\"wp-block-paragraph\">Davos. El presidente estadunidense, Donald Trump, invit\u00f3 a los empresarios reunidos en el Foro de Davos a \u00abproducir en Estados Unidos\u00bb porque, si no, \u00abtendr\u00e1n que pagar aranceles\u00bb para vender sus productos en ese pa\u00eds.<\/p>\n\n\n\n<p class=\"wp-block-paragraph\">\u00abMi mensaje para todas las empresas del mundo es simple: vengan a fabricar sus productos a Estados Unidos y se beneficiar\u00e1n de unos impuestos entre los m\u00e1s bajos del mundo. Pero si no los producen en Estados Unidos, y est\u00e1n en su derecho, entonces, simplemente, tendr\u00e1n que pagar aranceles\u00bb, declar\u00f3 Trump por videoconferencia.<\/p>\n\n\n\n<figure class=\"wp-block-embed is-type-video is-provider-youtube wp-block-embed-youtube wp-embed-aspect-16-9 wp-has-aspect-ratio\"><div class=\"wp-block-embed__wrapper\">\n<iframe loading=\"lazy\" title=\"EN VIVO: Trump pronuncia un discurso virtual en el Foro Econ\u00f3mico Mundial.de Davos\" width=\"640\" height=\"360\" src=\"https:\/\/www.youtube.com\/embed\/-hVvRvmCldc?start=166&#038;feature=oembed\" frameborder=\"0\" allow=\"accelerometer; autoplay; clipboard-write; encrypted-media; gyroscope; picture-in-picture; web-share\" referrerpolicy=\"strict-origin-when-cross-origin\" allowfullscreen><\/iframe>\n<\/div><\/figure>\n\n\n\n<p class=\"wp-block-paragraph\">El dirigente estadunidense repiti\u00f3 el lunes, en su discurso de investidura, su intenci\u00f3n de imponer aranceles contra algunos de sus principales socios comerciales, entre ellos China, Canad\u00e1 y M\u00e9xico.<\/p>\n\n\n\n<p class=\"wp-block-paragraph\">Tambi\u00e9n anunci\u00f3 su deseo de prolongar las reducciones de impuestos otorgadas en su primer mandato, que deben finalizar en 2027, y ampliarlas, confiando en los aranceles para compensar la disminuci\u00f3n de ingresos fiscales.<\/p>\n\n\n\n<p class=\"wp-block-paragraph\">Durante su discurso, Trump tambi\u00e9n inst\u00f3 a Arabia Saudita y a la OPEP a \u00abbajar el coste del petr\u00f3leo\u00bb.<\/p>\n\n\n\n<p class=\"wp-block-paragraph\">\u00abVoy a pedirle a Arabia Saudita y a la OPEP que bajen el coste del petr\u00f3leo, de hecho, estoy francamente sorprendido de que no lo hayan hecho antes de la elecci\u00f3n\u00bb presidencial, declar\u00f3.<\/p>\n\n\n\n<p class=\"wp-block-paragraph\">\u00abNo hacerlo no era francamente una prueba de amor. Si el precio fuera m\u00e1s bajo, la guerra entre Rusia y Ucrania parar\u00eda inmediatamente\u00bb, insisti\u00f3.<\/p>\n\n\n\n<p class=\"wp-block-paragraph\">Las declaraciones de Trump afectaron los precios del barril, que cayeron en rojo despu\u00e9s de comenzar el d\u00eda al alza.<\/p>\n\n\n\n<p class=\"wp-block-paragraph\">El precio del barril de Brent del Mar del Norte, para entrega en marzo, cay\u00f3 0.91 por ciento a 78.30 d\u00f3lares hacia las 16:45 GMT. Su equivalente estadunidense, el barril de West Texas Intermediate, para entrega el mismo mes, perdi\u00f3 1.07 por ciento a 74.65 d\u00f3lares.<\/p>\n\n\n\n<p class=\"wp-block-paragraph\">El dirigente republicano intensific\u00f3 tambi\u00e9n la presi\u00f3n sobre la Reserva Federal estadunidense (Fed), al exigir \u00abinmediatamente\u00bb una reducci\u00f3n de las tasas de inter\u00e9s.<\/p>\n\n\n\n<p class=\"wp-block-paragraph\">\u00abExigir\u00e9 que los tipos de inter\u00e9s bajen inmediatamente\u00bb, asegur\u00f3. \u00abDel mismo modo, deber\u00edan bajar en todo el mundo. Los tipos de inter\u00e9s deber\u00edan seguirnos por todas partes\u00bb, a\u00f1adi\u00f3.<\/p>\n\n\n\n<p class=\"wp-block-paragraph\">La pr\u00f3xima reuni\u00f3n de la Fed tendr\u00e1 lugar los pr\u00f3ximos martes y mi\u00e9rcoles y deber\u00e1 concluir con un mantenimiento de las tasas a su nivel actual.<\/p>\n\n\n\n<p class=\"wp-block-paragraph\">Despu\u00e9s de haber bajado un punto porcentual desde septiembre, las tasas de la Fed se sit\u00faan en un rango entre 4.25 por ciento y 4.50 por ciento.<\/p>\n\n\n\n<p class=\"wp-block-paragraph\">El presidente estadunidense aprovech\u00f3 tambi\u00e9n el momento para recordar que su pa\u00eds ya solo reconoce a dos g\u00e9neros. Las operaciones de reasignaci\u00f3n de sexo, por eso, se volver\u00e1n muy raras en Estados Unidos, afirm\u00f3.<\/p>\n\n\n\n<p class=\"wp-block-paragraph\">\u00abHice oficial, y pol\u00edtica oficial de Estados Unidos, que solo hay dos g\u00e9neros: hombre y mujer\u00bb, subray\u00f3. Las operaciones de reasignaci\u00f3n de sexo \u00abocurrir\u00e1n muy muy raramente\u00bb en el pa\u00eds, dijo.<\/p>\n","protected":false},"excerpt":{"rendered":"<p>Davos. El presidente estadunidense, Donald Trump, invit\u00f3 a los empresarios reunidos en el Foro de Davos a \u00abproducir en Estados Unidos\u00bb porque, si no, \u00abtendr\u00e1n que pagar aranceles\u00bb para vender sus productos en ese pa\u00eds. \u00abMi mensaje para todas las empresas del mundo es simple: vengan a fabricar sus productos a Estados Unidos y se&#8230;<\/p>\n","protected":false},"author":2,"featured_media":63857,"comment_status":"closed","ping_status":"closed","sticky":false,"template":"","format":"standard","meta":{"_crdt_document":"","_exactmetrics_skip_tracking":false,"_exactmetrics_sitenote_active":false,"_exactmetrics_sitenote_note":"","_exactmetrics_sitenote_category":0,"footnotes":""},"categories":[36,89,37,23,38,24,31,1,39,69,65],"tags":[72,86,75],"class_list":["post-63856","post","type-post","status-publish","format-standard","has-post-thumbnail","hentry","category-economia","category-estados-unidos","category-medio-ambiente","category-mexico","category-migracion","category-mundo","category-politica","category-seguridad","category-ucrania","category-ultimas-noticias","category-videos","tag-claudia-sheinbaum","tag-donald-trump","tag-seguridad-publica"],"_links":{"self":[{"href":"https:\/\/elpajaritonews.com\/index.php?rest_route=\/wp\/v2\/posts\/63856","targetHints":{"allow":["GET"]}}],"collection":[{"href":"https:\/\/elpajaritonews.com\/index.php?rest_route=\/wp\/v2\/posts"}],"about":[{"href":"https:\/\/elpajaritonews.com\/index.php?rest_route=\/wp\/v2\/types\/post"}],"author":[{"embeddable":true,"href":"https:\/\/elpajaritonews.com\/index.php?rest_route=\/wp\/v2\/users\/2"}],"replies":[{"embeddable":true,"href":"https:\/\/elpajaritonews.com\/index.php?rest_route=%2Fwp%2Fv2%2Fcomments&post=63856"}],"version-history":[{"count":1,"href":"https:\/\/elpajaritonews.com\/index.php?rest_route=\/wp\/v2\/posts\/63856\/revisions"}],"predecessor-version":[{"id":63858,"href":"https:\/\/elpajaritonews.com\/index.php?rest_route=\/wp\/v2\/posts\/63856\/revisions\/63858"}],"wp:featuredmedia":[{"embeddable":true,"href":"https:\/\/elpajaritonews.com\/index.php?rest_route=\/wp\/v2\/media\/63857"}],"wp:attachment":[{"href":"https:\/\/elpajaritonews.com\/index.php?rest_route=%2Fwp%2Fv2%2Fmedia&parent=63856"}],"wp:term":[{"taxonomy":"category","embeddable":true,"href":"https:\/\/elpajaritonews.com\/index.php?rest_route=%2Fwp%2Fv2%2Fcategories&post=63856"},{"taxonomy":"post_tag","embeddable":true,"href":"https:\/\/elpajaritonews.com\/index.php?rest_route=%2Fwp%2Fv2%2Ftags&post=63856"}],"curies":[{"name":"wp","href":"https:\/\/api.w.org\/{rel}","templated":true}]}}