{"id":63909,"date":"2025-01-26T14:19:08","date_gmt":"2025-01-26T21:19:08","guid":{"rendered":"https:\/\/elpajaritonews.com\/?p=63909"},"modified":"2025-01-26T14:19:10","modified_gmt":"2025-01-26T21:19:10","slug":"trump-impondra-aranceles-del-25-a-colombia-por-negativa-de-petro-a-recibir-aviones-militares-con-deportados-colombianos","status":"publish","type":"post","link":"https:\/\/elpajaritonews.com\/?p=63909","title":{"rendered":"TRUMP IMPONDR\u00c1 ARANCELES DEL 25% A COLOMBIA POR NEGATIVA DE PETRO A RECIBIR AVIONES MILITARES CON DEPORTADOS COLOMBIANOS"},"content":{"rendered":"\n<p class=\"wp-block-paragraph\">Colombia se convertir\u00e1 en el primer pa\u00eds al que el presidente de Estados Unidos, Donald Trump, sancionar\u00e1 por cuestionar su nueva pol\u00edtica migratoria.<\/p>\n\n\n\n<p class=\"wp-block-paragraph\">El mandatario anunci\u00f3 este domingo que impondr\u00e1, de entrada, aranceles de 25% a las exportaciones colombianas y anular\u00e1 las visas a los funcionarios del gobierno de ese pa\u00eds. Esto, en represalia por la decisi\u00f3n del presidente colombiano, Gustavo Petro, de no autorizar el aterrizaje de dos aviones militares con ciudadanos colombianos deportados horas antes.<\/p>\n\n\n\n<p class=\"wp-block-paragraph\">\u00abMe acaban de informar que a dos vuelos de repatriaci\u00f3n de los Estados Unidos, con un gran n\u00famero de delincuentes ilegales, no se les permiti\u00f3 aterrizar en Colombia. Esta orden fue dada por el presidente socialista de Colombia, Gustavo Petro, quien ya es muy impopular entre su pueblo\u00bb, escribi\u00f3 Trump en su red social Truth.<\/p>\n\n\n\n<p class=\"wp-block-paragraph\">Y acto seguido, asegur\u00f3 que esta medida como \u00abha puesto en peligro la seguridad nacional y p\u00fablica de los Estados Unidos\u00bb.<\/p>\n\n\n\n<p class=\"wp-block-paragraph\">Petro hab\u00eda dicho que solo aceptar\u00eda que se retornara a los colombianos deportados en aviones civiles y que se necesitaba un protocolo claro pues \u00abun inmigrante no es un delincuente\u00bb.<\/p>\n\n\n\n<p class=\"wp-block-paragraph\">El anuncio de Trump se produce luego de que distintos medios colombianos y espa\u00f1oles informaran que Washington hab\u00eda decidido cerrar temporalmente la oficina que emite visas en su embajada en Bogot\u00e1.<\/p>\n\n\n\n<p class=\"wp-block-paragraph\">La decisi\u00f3n la hab\u00eda adoptado Washington tambi\u00e9n en respuesta a la negativa de Petro de permitir el aterrizaje de las aeronaves con los deportados colombianos, report\u00f3 el peri\u00f3dico El Tiempo, el principal diario de Colombia<\/p>\n\n\n\n<p class=\"wp-block-paragraph\">\u00abEn respuesta a la negativa del presidente Petro de aceptar dos vuelos con deportados colombianos, que anteriormente hab\u00eda autorizado y que hab\u00edan sido aprobados por los m\u00e1s altos niveles del gobierno, la Embajada de Estados Unidos en Colombia cerrar\u00e1 ma\u00f1ana (este 27 de enero) la secci\u00f3n de visas\u00bb, declar\u00f3 un funcionario estadounidense al diario bogotano.<\/p>\n\n\n\n<p class=\"wp-block-paragraph\">Sin embargo, hasta el momento de la publicaci\u00f3n ni en la p\u00e1gina web del Departamento de Estado ni en la de la Embajada estadounidense en Bogot\u00e1 hay informaci\u00f3n que confirme la medida. Tampoco en las redes sociales de dichos organismos ni en las del secretario de Estado, Marco Rubio.<\/p>\n\n\n\n<p class=\"wp-block-paragraph\">Las medidas<\/p>\n\n\n\n<p class=\"wp-block-paragraph\">Trump anunci\u00f3 que unos aranceles del 25% sobre \u00abtodos los bienes\u00bb colombianos que ingresan a EE.UU.<\/p>\n\n\n\n<p class=\"wp-block-paragraph\">Y como si esto no fuera suficiente indic\u00f3 que en una semana esa tasa aumentar\u00e1 hasta el 50%.<\/p>\n\n\n\n<p class=\"wp-block-paragraph\">Asimismo, revel\u00f3 que orden\u00f3 inspecciones \u00abreforzadas\u00bb en las aduanas y puntos fronterizos sobre cualquier ciudadano colombiano y sobre todos los productos que provengan de ese pa\u00eds por \u00abmotivos de seguridad nacional\u00bb.<\/p>\n\n\n\n<p class=\"wp-block-paragraph\">En la lista de sanciones que present\u00f3 en su red social, el mandatario tambi\u00e9n incluy\u00f3 la anulaci\u00f3n de las visas para viajar a EE.UU. que posean funcionarios colombianos y miembros de los partidos que lo apoyan, as\u00ed como sus familiares.<\/p>\n\n\n\n<p class=\"wp-block-paragraph\">\u00abEstas medidas son s\u00f3lo el comienzo\u00bb, advirti\u00f3 el inquilino de la Casa Blancia.<\/p>\n\n\n\n<p class=\"wp-block-paragraph\">\u00ab\u00a1No permitiremos que el Gobierno colombiano viole sus obligaciones legales en relaci\u00f3n con la aceptaci\u00f3n y el retorno de los criminales que forzaron su entrada en EE.UU.!\u00bb, remat\u00f3.<\/p>\n\n\n\n<p class=\"wp-block-paragraph\">El primer pulso<\/p>\n\n\n\n<p class=\"wp-block-paragraph\">La decisi\u00f3n de Washington de enviar a los deportados en un avi\u00f3n militar fue la raz\u00f3n alegada por Petro para su decisi\u00f3n.<\/p>\n\n\n\n<p class=\"wp-block-paragraph\">\u00abLos Estados Unidos no pueden tratar como delincuentes a los migrantes colombianos\u00bb, escribi\u00f3 Petro en su cuenta de X.<\/p>\n\n\n\n<p class=\"wp-block-paragraph\">\u00abNo puedo hacer que los migrantes (se) queden en un pa\u00eds que no los quiere; pero si ese pa\u00eds los devuelve de ser con dignidad y respeto con ellos y con nuestro pa\u00eds\u00bb, agreg\u00f3 en otro mensaje.<\/p>\n\n\n\n<p class=\"wp-block-paragraph\">El mandatario reclam\u00f3 que las deportaciones se hagan en \u00abaviones civiles\u00bb y que se establezca un protocolo, porque \u00abun migrante no es un delincuente\u00bb.<\/p>\n\n\n\n<p class=\"wp-block-paragraph\">Y como si lo anterior no fuera suficiente, Petro inform\u00f3 que 15.660 estadounidenses residentes en Colombia se encuentran de \u00abmanera irregular\u00bb.<\/p>\n\n\n\n<p class=\"wp-block-paragraph\">Acto seguido, inst\u00f3 a estos ciudadanos a \u00abregularizar su situaci\u00f3n\u00bb y les garantiz\u00f3 su permanencia en el territorio colombiano.<\/p>\n\n\n\n<p class=\"wp-block-paragraph\">\u00abNo me ver\u00e1n jam\u00e1s quemando una bandera gringa o haciendo una &#8216;ratzia&#8217; para devolver a los ilegales esposado a EE.UU. Los libertarios de verdad jam\u00e1s agrediremos la libertad humana. Somos lo contrario a los nazis\u00bb, remat\u00f3.<\/p>\n\n\n\n<p class=\"wp-block-paragraph\">El Ministerio de Relaciones Exteriores del pa\u00eds suramericano conden\u00f3 el s\u00e1bado el \u00abtrato degradante\u00bb recibi\u00f3 por unos ciudadanos suyos que fueron deportados y los cuales fueron esposados en un vuelo comercial, report\u00f3 Reuters.<\/p>\n\n\n\n<p class=\"wp-block-paragraph\">A su llegada a Brasil, algunos de los pasajeros tambi\u00e9n denunciaron malos tratos durante el vuelo, seg\u00fan informes de la prensa local.<\/p>\n\n\n\n<p class=\"wp-block-paragraph\">En el avi\u00f3n, que transportaba a 88 pasajeros brasile\u00f1os, tambi\u00e9n viajaban 16 agentes de seguridad estadounidenses y ocho miembros de la tripulaci\u00f3n, aterriz\u00f3 en la ciudad de Belo Horizonte, en el estado de Minas Gerais, en el sureste del pa\u00eds.<\/p>\n\n\n\n<p class=\"wp-block-paragraph\">Posteriormente, las autoridades brasile\u00f1as ordenaron que a los deportados les fueran removidas las esposas y el presidente Luiz In\u00e1cio Lula da Silva envi\u00f3 un avi\u00f3n de la Fuerza A\u00e9rea Brasile\u00f1a para completar el viaje, seg\u00fan inform\u00f3 el gobierno en un comunicado el s\u00e1bado.<\/p>\n\n\n\n<p class=\"wp-block-paragraph\">Desde el regreso del magnate neoyorquino a la Casa Blanca, la semana pasada, la pol\u00edtica migratoria estadounidense no ha hecho m\u00e1s que endurecerse con decisiones para facilitar la deportaci\u00f3n de miles de personas y la cancelaci\u00f3n de procesos en marcha para otorgar asilos.<\/p>\n\n\n\n<p class=\"wp-block-paragraph\">Todo lo anterior ha estado acompa\u00f1ado por exigencias a los pa\u00edses de la regi\u00f3n para acojan a sus nacionales expulsados.<\/p>\n","protected":false},"excerpt":{"rendered":"<p>Colombia se convertir\u00e1 en el primer pa\u00eds al que el presidente de Estados Unidos, Donald Trump, sancionar\u00e1 por cuestionar su nueva pol\u00edtica migratoria. El mandatario anunci\u00f3 este domingo que impondr\u00e1, de entrada, aranceles de 25% a las exportaciones colombianas y anular\u00e1 las visas a los funcionarios del gobierno de ese pa\u00eds. Esto, en represalia por&#8230;<\/p>\n","protected":false},"author":2,"featured_media":63910,"comment_status":"closed","ping_status":"closed","sticky":false,"template":"","format":"standard","meta":{"_crdt_document":"","_exactmetrics_skip_tracking":false,"_exactmetrics_sitenote_active":false,"_exactmetrics_sitenote_note":"","_exactmetrics_sitenote_category":0,"footnotes":""},"categories":[38,24,31,1,69],"tags":[113,95,77,112,93],"class_list":["post-63909","post","type-post","status-publish","format-standard","has-post-thumbnail","hentry","category-migracion","category-mundo","category-politica","category-seguridad","category-ultimas-noticias","tag-colombia","tag-migracion","tag-mundo","tag-petro","tag-trump"],"_links":{"self":[{"href":"https:\/\/elpajaritonews.com\/index.php?rest_route=\/wp\/v2\/posts\/63909","targetHints":{"allow":["GET"]}}],"collection":[{"href":"https:\/\/elpajaritonews.com\/index.php?rest_route=\/wp\/v2\/posts"}],"about":[{"href":"https:\/\/elpajaritonews.com\/index.php?rest_route=\/wp\/v2\/types\/post"}],"author":[{"embeddable":true,"href":"https:\/\/elpajaritonews.com\/index.php?rest_route=\/wp\/v2\/users\/2"}],"replies":[{"embeddable":true,"href":"https:\/\/elpajaritonews.com\/index.php?rest_route=%2Fwp%2Fv2%2Fcomments&post=63909"}],"version-history":[{"count":1,"href":"https:\/\/elpajaritonews.com\/index.php?rest_route=\/wp\/v2\/posts\/63909\/revisions"}],"predecessor-version":[{"id":63911,"href":"https:\/\/elpajaritonews.com\/index.php?rest_route=\/wp\/v2\/posts\/63909\/revisions\/63911"}],"wp:featuredmedia":[{"embeddable":true,"href":"https:\/\/elpajaritonews.com\/index.php?rest_route=\/wp\/v2\/media\/63910"}],"wp:attachment":[{"href":"https:\/\/elpajaritonews.com\/index.php?rest_route=%2Fwp%2Fv2%2Fmedia&parent=63909"}],"wp:term":[{"taxonomy":"category","embeddable":true,"href":"https:\/\/elpajaritonews.com\/index.php?rest_route=%2Fwp%2Fv2%2Fcategories&post=63909"},{"taxonomy":"post_tag","embeddable":true,"href":"https:\/\/elpajaritonews.com\/index.php?rest_route=%2Fwp%2Fv2%2Ftags&post=63909"}],"curies":[{"name":"wp","href":"https:\/\/api.w.org\/{rel}","templated":true}]}}