{"id":63987,"date":"2025-01-30T17:58:44","date_gmt":"2025-01-31T00:58:44","guid":{"rendered":"https:\/\/elpajaritonews.com\/?p=63987"},"modified":"2025-01-30T18:16:04","modified_gmt":"2025-01-31T01:16:04","slug":"con-crecimiento-economico-gobernador-durazo-potencia-turismo-e-industria-en-sonora","status":"publish","type":"post","link":"https:\/\/elpajaritonews.com\/?p=63987","title":{"rendered":"CON CRECIMIENTO ECON\u00d3MICO, GOBERNADOR DURAZO POTENCIA TURISMO E INDUSTRIA EN SONORA"},"content":{"rendered":"\n<p class=\"wp-block-paragraph\">-El impulso que el gobernador Alfonso Durazo Monta\u00f1o ha dado a la econom\u00eda estatal, se ha consolidado en desarrollo y bienestar para las familias sonorenses, con un incremento del 1.4% en la actividad econ\u00f3mica de enero a septiembre de 2024. Los sectores secundarios como las industrias y terciarios que corresponden a servicios y turismo, aumentaron 1.4 y 2.4%, respectivamente.<\/p>\n\n\n\n<p class=\"wp-block-paragraph\">-Seg\u00fan cifras de INEGI, en Sonora destaca el crecimiento del 17.1% en el sector turismo, lo que demuestra el impacto positivo de las estrategias implementadas para atraer m\u00e1s visitantes y consolidar a Sonora como un destino tur\u00edstico de clase mundial.&nbsp;<\/p>\n\n\n\n<p class=\"wp-block-paragraph\">Durante el periodo de enero a septiembre de 2024, el acumulado de la actividad econ\u00f3mica en Sonora creci\u00f3 1.4%, resultado del incremento de las actividades secundarias y terciaras del 1.4 y 2.4%, respectivamente, hasta la segunda mitad del a\u00f1o pasado, lo que demuestra el impulso que ha dado el gobernador Alfonso Durazo Monta\u00f1o a los sectores industriales y de servicios, de acuerdo con cifras del Instituto Nacional de Estad\u00edstica y Geograf\u00eda (INEGI).<\/p>\n\n\n\n<p class=\"wp-block-paragraph\">El mandatario estatal destac\u00f3 los datos del Indicador Trimestral de la Actividad Econ\u00f3mica Estatal (ITAEE) del INEGI, en los que Sonora sobresale por el repunte del 17.1% en el subsector turismo, muestra del impacto positivo de las estrategias implementadas para atraer m\u00e1s visitantes y consolidar a Sonora como un destino tur\u00edstico de clase mundial.&nbsp;<\/p>\n\n\n\n<p class=\"wp-block-paragraph\">Aunado a los resultados positivos que present\u00f3 el estado hasta la segunda mitad de 2024 en materia econ\u00f3mica, se registr\u00f3 tambi\u00e9n un incremento de la actividad primaria del 1.6% en el tercer trimestre de 2024, que comprende a los sectores del campo como la ganader\u00eda y agricultura sonorense.<\/p>\n\n\n\n<p class=\"wp-block-paragraph\">En la actividad econ\u00f3mica terciaria, es decir, bienes, servicios y turismo, el aumento durante el tercer trimestre de 2024 fue del 1.4%, destacando en este rubro espec\u00edficamente el sector tur\u00edstico, que por s\u00ed solo registro un crecimiento del 17.1%.<\/p>\n\n\n\n<p class=\"wp-block-paragraph\">Este crecimiento no solo genera empleo directo en el sector, sino que tambi\u00e9n impulsa el desarrollo econ\u00f3mico de comunidades y peque\u00f1os negocios en todo el estado.<\/p>\n","protected":false},"excerpt":{"rendered":"<p>-El impulso que el gobernador Alfonso Durazo Monta\u00f1o ha dado a la econom\u00eda estatal, se ha consolidado en desarrollo y bienestar para las familias sonorenses, con un incremento del 1.4% en la actividad econ\u00f3mica de enero a septiembre de 2024. Los sectores secundarios como las industrias y terciarios que corresponden a servicios y turismo, aumentaron&#8230;<\/p>\n","protected":false},"author":2,"featured_media":63988,"comment_status":"closed","ping_status":"closed","sticky":false,"template":"","format":"standard","meta":{"_crdt_document":"","_exactmetrics_skip_tracking":false,"_exactmetrics_sitenote_active":false,"_exactmetrics_sitenote_note":"","_exactmetrics_sitenote_category":0,"footnotes":""},"categories":[36,31,27,84,69],"tags":[71,72,30],"class_list":["post-63987","post","type-post","status-publish","format-standard","has-post-thumbnail","hentry","category-economia","category-politica","category-sonora","category-turismo","category-ultimas-noticias","tag-alfonso-durazo","tag-claudia-sheinbaum","tag-sonora-tierra-de-oportunidades"],"_links":{"self":[{"href":"https:\/\/elpajaritonews.com\/index.php?rest_route=\/wp\/v2\/posts\/63987","targetHints":{"allow":["GET"]}}],"collection":[{"href":"https:\/\/elpajaritonews.com\/index.php?rest_route=\/wp\/v2\/posts"}],"about":[{"href":"https:\/\/elpajaritonews.com\/index.php?rest_route=\/wp\/v2\/types\/post"}],"author":[{"embeddable":true,"href":"https:\/\/elpajaritonews.com\/index.php?rest_route=\/wp\/v2\/users\/2"}],"replies":[{"embeddable":true,"href":"https:\/\/elpajaritonews.com\/index.php?rest_route=%2Fwp%2Fv2%2Fcomments&post=63987"}],"version-history":[{"count":1,"href":"https:\/\/elpajaritonews.com\/index.php?rest_route=\/wp\/v2\/posts\/63987\/revisions"}],"predecessor-version":[{"id":63989,"href":"https:\/\/elpajaritonews.com\/index.php?rest_route=\/wp\/v2\/posts\/63987\/revisions\/63989"}],"wp:featuredmedia":[{"embeddable":true,"href":"https:\/\/elpajaritonews.com\/index.php?rest_route=\/wp\/v2\/media\/63988"}],"wp:attachment":[{"href":"https:\/\/elpajaritonews.com\/index.php?rest_route=%2Fwp%2Fv2%2Fmedia&parent=63987"}],"wp:term":[{"taxonomy":"category","embeddable":true,"href":"https:\/\/elpajaritonews.com\/index.php?rest_route=%2Fwp%2Fv2%2Fcategories&post=63987"},{"taxonomy":"post_tag","embeddable":true,"href":"https:\/\/elpajaritonews.com\/index.php?rest_route=%2Fwp%2Fv2%2Ftags&post=63987"}],"curies":[{"name":"wp","href":"https:\/\/api.w.org\/{rel}","templated":true}]}}