{"id":64003,"date":"2025-01-31T22:23:32","date_gmt":"2025-02-01T05:23:32","guid":{"rendered":"https:\/\/elpajaritonews.com\/?p=64003"},"modified":"2025-01-31T22:23:35","modified_gmt":"2025-02-01T05:23:35","slug":"sostuvo-sheinbaum-reunion-en-palacio-nacional-ante-aranceles-de-donald-trump-en-eu","status":"publish","type":"post","link":"https:\/\/elpajaritonews.com\/?p=64003","title":{"rendered":"SOSTUVO SHEINBAUM REUNI\u00d3N EN PALACIO NACIONAL ANTE ARANCELES DE DONALD TRUMP EN EU"},"content":{"rendered":"\n<p class=\"wp-block-paragraph\">La presidenta Claudia Sheinbaum Pardo se reuni\u00f3 en Palacio Nacional con la secretaria de Gobernaci\u00f3n, Rosa Icela Rodr\u00edguez, el canciller Juan Ram\u00f3n de la Fuente y el director para Am\u00e9rica del Norte de la Secretar\u00eda de Relaciones Exteriores, Roberto Velasco.<\/p>\n\n\n\n<p class=\"wp-block-paragraph\">Asistieron tambi\u00e9n los secretarios de Econom\u00eda, Marcelo Ebrard; de Hacienda, Rogelio Ram\u00edrez de la O, adem\u00e1s de Altagracia G\u00f3mez, coordinadora del consejo asesor empresarial; Alicia B\u00e1rcena, secretaria de Medio Ambiente y Recursos Naturales; y Jos\u00e9 Antonio Pe\u00f1a Merino, titular de la Agencia de Transformaci\u00f3n Digital.<\/p>\n\n\n\n<p class=\"wp-block-paragraph\">El encuentro ocurri\u00f3 despu\u00e9s de que el presidente de Estados Unidos, Donald Trump, confirm\u00f3 la tarde de este viernes que no hay nada que M\u00e9xico, Canad\u00e1 y China puedan hacer para evitar los aranceles, de 25 por ciento para las dos naciones vecinas y del 10 por ciento para el pa\u00eds asi\u00e1tico, respectivamente.<\/p>\n\n\n\n<p class=\"wp-block-paragraph\">Previo a la reuni\u00f3n, la mandataria estuvo de gira en el Estado de M\u00e9xico.<\/p>\n","protected":false},"excerpt":{"rendered":"<p>La presidenta Claudia Sheinbaum Pardo se reuni\u00f3 en Palacio Nacional con la secretaria de Gobernaci\u00f3n, Rosa Icela Rodr\u00edguez, el canciller Juan Ram\u00f3n de la Fuente y el director para Am\u00e9rica del Norte de la Secretar\u00eda de Relaciones Exteriores, Roberto Velasco. Asistieron tambi\u00e9n los secretarios de Econom\u00eda, Marcelo Ebrard; de Hacienda, Rogelio Ram\u00edrez de la O,&#8230;<\/p>\n","protected":false},"author":2,"featured_media":64004,"comment_status":"closed","ping_status":"closed","sticky":false,"template":"","format":"standard","meta":{"_crdt_document":"","_exactmetrics_skip_tracking":false,"_exactmetrics_sitenote_active":false,"_exactmetrics_sitenote_note":"","_exactmetrics_sitenote_category":0,"footnotes":""},"categories":[17,36,89,23,24,31,27,69],"tags":[116,117,72,86,87,115],"class_list":["post-64003","post","type-post","status-publish","format-standard","has-post-thumbnail","hentry","category-arizona","category-economia","category-estados-unidos","category-mexico","category-mundo","category-politica","category-sonora","category-ultimas-noticias","tag-canada","tag-china","tag-claudia-sheinbaum","tag-donald-trump","tag-estados-unidos","tag-mexico"],"_links":{"self":[{"href":"https:\/\/elpajaritonews.com\/index.php?rest_route=\/wp\/v2\/posts\/64003","targetHints":{"allow":["GET"]}}],"collection":[{"href":"https:\/\/elpajaritonews.com\/index.php?rest_route=\/wp\/v2\/posts"}],"about":[{"href":"https:\/\/elpajaritonews.com\/index.php?rest_route=\/wp\/v2\/types\/post"}],"author":[{"embeddable":true,"href":"https:\/\/elpajaritonews.com\/index.php?rest_route=\/wp\/v2\/users\/2"}],"replies":[{"embeddable":true,"href":"https:\/\/elpajaritonews.com\/index.php?rest_route=%2Fwp%2Fv2%2Fcomments&post=64003"}],"version-history":[{"count":1,"href":"https:\/\/elpajaritonews.com\/index.php?rest_route=\/wp\/v2\/posts\/64003\/revisions"}],"predecessor-version":[{"id":64005,"href":"https:\/\/elpajaritonews.com\/index.php?rest_route=\/wp\/v2\/posts\/64003\/revisions\/64005"}],"wp:featuredmedia":[{"embeddable":true,"href":"https:\/\/elpajaritonews.com\/index.php?rest_route=\/wp\/v2\/media\/64004"}],"wp:attachment":[{"href":"https:\/\/elpajaritonews.com\/index.php?rest_route=%2Fwp%2Fv2%2Fmedia&parent=64003"}],"wp:term":[{"taxonomy":"category","embeddable":true,"href":"https:\/\/elpajaritonews.com\/index.php?rest_route=%2Fwp%2Fv2%2Fcategories&post=64003"},{"taxonomy":"post_tag","embeddable":true,"href":"https:\/\/elpajaritonews.com\/index.php?rest_route=%2Fwp%2Fv2%2Ftags&post=64003"}],"curies":[{"name":"wp","href":"https:\/\/api.w.org\/{rel}","templated":true}]}}