{"id":64026,"date":"2025-02-01T22:42:51","date_gmt":"2025-02-02T05:42:51","guid":{"rendered":"https:\/\/elpajaritonews.com\/?p=64026"},"modified":"2025-02-01T22:47:43","modified_gmt":"2025-02-02T05:47:43","slug":"ordena-sheinbaum-aranceles-contra-eu-en-respuesta-a-medidas-de-trump","status":"publish","type":"post","link":"https:\/\/elpajaritonews.com\/?p=64026","title":{"rendered":"ORDENA SHEINBAUM ARANCELES CONTRA EU EN RESPUESTA A MEDIDAS DE TRUMP"},"content":{"rendered":"\n<p class=\"wp-block-paragraph\">La presidenta de M\u00e9xico, Claudia Sheinbaum, anunci\u00f3 el s\u00e1bado \u201cmedidas arancelarias y no arancelarias\u201d en respuesta a la imposici\u00f3n del 25% de aranceles decretado por el presidente estadunidense Donald Trump y rechaz\u00f3 contundentemente cualquier alianza de su gobierno con criminales.<\/p>\n\n\n\n<p class=\"wp-block-paragraph\">En un comunicado divulgado por la red social X despu\u00e9s de una reuni\u00f3n con su gabinete en la sede presidencial, la mandataria no dio detalles espec\u00edficos de cuales ser\u00edan los nuevos impuestos al comercio o el resto de medidas.<\/p>\n\n\n\n<p class=\"wp-block-paragraph\">Con esta decisi\u00f3n pareci\u00f3 dejar claro que no se iba a amedrentar por la cl\u00e1usula incluida en la orden de Trump que inclu\u00eda tambi\u00e9n un mecanismo para aumentar los aranceles si las naciones afectadas tomaban represalias contra Estados Unidos.<\/p>\n","protected":false},"excerpt":{"rendered":"<p>La presidenta de M\u00e9xico, Claudia Sheinbaum, anunci\u00f3 el s\u00e1bado \u201cmedidas arancelarias y no arancelarias\u201d en respuesta a la imposici\u00f3n del 25% de aranceles decretado por el presidente estadunidense Donald Trump y rechaz\u00f3 contundentemente cualquier alianza de su gobierno con criminales. En un comunicado divulgado por la red social X despu\u00e9s de una reuni\u00f3n con su&#8230;<\/p>\n","protected":false},"author":2,"featured_media":64027,"comment_status":"closed","ping_status":"closed","sticky":false,"template":"","format":"standard","meta":{"_crdt_document":"","_exactmetrics_skip_tracking":false,"_exactmetrics_sitenote_active":false,"_exactmetrics_sitenote_note":"","_exactmetrics_sitenote_category":0,"footnotes":""},"categories":[17,36,89,23,38,31,27,69],"tags":[71,72,86,28,30],"class_list":["post-64026","post","type-post","status-publish","format-standard","has-post-thumbnail","hentry","category-arizona","category-economia","category-estados-unidos","category-mexico","category-migracion","category-politica","category-sonora","category-ultimas-noticias","tag-alfonso-durazo","tag-claudia-sheinbaum","tag-donald-trump","tag-nogales","tag-sonora-tierra-de-oportunidades"],"_links":{"self":[{"href":"https:\/\/elpajaritonews.com\/index.php?rest_route=\/wp\/v2\/posts\/64026","targetHints":{"allow":["GET"]}}],"collection":[{"href":"https:\/\/elpajaritonews.com\/index.php?rest_route=\/wp\/v2\/posts"}],"about":[{"href":"https:\/\/elpajaritonews.com\/index.php?rest_route=\/wp\/v2\/types\/post"}],"author":[{"embeddable":true,"href":"https:\/\/elpajaritonews.com\/index.php?rest_route=\/wp\/v2\/users\/2"}],"replies":[{"embeddable":true,"href":"https:\/\/elpajaritonews.com\/index.php?rest_route=%2Fwp%2Fv2%2Fcomments&post=64026"}],"version-history":[{"count":2,"href":"https:\/\/elpajaritonews.com\/index.php?rest_route=\/wp\/v2\/posts\/64026\/revisions"}],"predecessor-version":[{"id":64030,"href":"https:\/\/elpajaritonews.com\/index.php?rest_route=\/wp\/v2\/posts\/64026\/revisions\/64030"}],"wp:featuredmedia":[{"embeddable":true,"href":"https:\/\/elpajaritonews.com\/index.php?rest_route=\/wp\/v2\/media\/64027"}],"wp:attachment":[{"href":"https:\/\/elpajaritonews.com\/index.php?rest_route=%2Fwp%2Fv2%2Fmedia&parent=64026"}],"wp:term":[{"taxonomy":"category","embeddable":true,"href":"https:\/\/elpajaritonews.com\/index.php?rest_route=%2Fwp%2Fv2%2Fcategories&post=64026"},{"taxonomy":"post_tag","embeddable":true,"href":"https:\/\/elpajaritonews.com\/index.php?rest_route=%2Fwp%2Fv2%2Ftags&post=64026"}],"curies":[{"name":"wp","href":"https:\/\/api.w.org\/{rel}","templated":true}]}}