{"id":64041,"date":"2025-02-02T19:59:58","date_gmt":"2025-02-03T02:59:58","guid":{"rendered":"https:\/\/elpajaritonews.com\/?p=64041"},"modified":"2025-02-02T19:59:59","modified_gmt":"2025-02-03T02:59:59","slug":"hablare-este-lunes-con-mexico-y-canada-sobre-aranceles-trump","status":"publish","type":"post","link":"https:\/\/elpajaritonews.com\/?p=64041","title":{"rendered":"HABLAR\u00c9 ESTE LUNES CON M\u00c9XICO Y CANAD\u00c1 SOBRE ARANCELES: TRUMP"},"content":{"rendered":"\n<p class=\"wp-block-paragraph\">El presidente de Estados Unidos, Donald Trump, anunci\u00f3 este domingo que se conversar\u00e1 \u00abma\u00f1ana por la ma\u00f1ana\u00bb con el primer ministro saliente de Canad\u00e1, Justin Trudeau, y con el gobierno mexicano, luego de imponer aranceles del 25% a productos procedentes de ambos pa\u00edses.<\/p>\n\n\n\n<p class=\"wp-block-paragraph\">\u00abHablar\u00e9 con el primer ministro Trudeau ma\u00f1ana (lunes) por la ma\u00f1ana y tambi\u00e9n hablar\u00e9 con M\u00e9xico ma\u00f1ana por la ma\u00f1ana. Y no espero nada muy espectacular. Les aplicamos aranceles. Ellos nos deben mucho dinero y estoy seguro de que lo van a pagar\u00bb, dijo Trump a periodistas antes de abandonar su residencia de Mar-a-Lago en Florida.<\/p>\n\n\n\n<p class=\"wp-block-paragraph\">Habr\u00e1 tambi\u00e9n aranceles a la UE<\/p>\n\n\n\n<p class=\"wp-block-paragraph\">Trump asegur\u00f3 tambi\u00e9n este domingo que los productos provenientes de la Uni\u00f3n Europea (UE) ser\u00e1n objeto de aranceles \u00abmuy pronto\u00bb, luego de imponer este fin de semana grav\u00e1menes a M\u00e9xico, Canad\u00e1 y China.<\/p>\n\n\n\n<p class=\"wp-block-paragraph\">\u00abRealmente se est\u00e1n aprovechando de nosotros. Ya sabes, tenemos un d\u00e9ficit de 300 mil millones de d\u00f3lares. Ellos no se llevan ni nuestros autos ni nuestros productos agr\u00edcolas, pr\u00e1cticamente nada y nosotros nos llevamos todo, millones de autos, niveles enormes de productos agr\u00edcolas\u00bb, dijo el mandatario a periodistas. \u00abNo tengo un calendario, pero ser\u00e1 muy pronto\u00bb, a\u00f1adi\u00f3.<\/p>\n","protected":false},"excerpt":{"rendered":"<p>El presidente de Estados Unidos, Donald Trump, anunci\u00f3 este domingo que se conversar\u00e1 \u00abma\u00f1ana por la ma\u00f1ana\u00bb con el primer ministro saliente de Canad\u00e1, Justin Trudeau, y con el gobierno mexicano, luego de imponer aranceles del 25% a productos procedentes de ambos pa\u00edses. \u00abHablar\u00e9 con el primer ministro Trudeau ma\u00f1ana (lunes) por la ma\u00f1ana y&#8230;<\/p>\n","protected":false},"author":2,"featured_media":64042,"comment_status":"closed","ping_status":"closed","sticky":false,"template":"","format":"standard","meta":{"_crdt_document":"","_exactmetrics_skip_tracking":false,"_exactmetrics_sitenote_active":false,"_exactmetrics_sitenote_note":"","_exactmetrics_sitenote_category":0,"footnotes":""},"categories":[36,89,23,38,24,31,69],"tags":[116,72,86,119,75],"class_list":["post-64041","post","type-post","status-publish","format-standard","has-post-thumbnail","hentry","category-economia","category-estados-unidos","category-mexico","category-migracion","category-mundo","category-politica","category-ultimas-noticias","tag-canada","tag-claudia-sheinbaum","tag-donald-trump","tag-justin-trudeau","tag-seguridad-publica"],"_links":{"self":[{"href":"https:\/\/elpajaritonews.com\/index.php?rest_route=\/wp\/v2\/posts\/64041","targetHints":{"allow":["GET"]}}],"collection":[{"href":"https:\/\/elpajaritonews.com\/index.php?rest_route=\/wp\/v2\/posts"}],"about":[{"href":"https:\/\/elpajaritonews.com\/index.php?rest_route=\/wp\/v2\/types\/post"}],"author":[{"embeddable":true,"href":"https:\/\/elpajaritonews.com\/index.php?rest_route=\/wp\/v2\/users\/2"}],"replies":[{"embeddable":true,"href":"https:\/\/elpajaritonews.com\/index.php?rest_route=%2Fwp%2Fv2%2Fcomments&post=64041"}],"version-history":[{"count":1,"href":"https:\/\/elpajaritonews.com\/index.php?rest_route=\/wp\/v2\/posts\/64041\/revisions"}],"predecessor-version":[{"id":64043,"href":"https:\/\/elpajaritonews.com\/index.php?rest_route=\/wp\/v2\/posts\/64041\/revisions\/64043"}],"wp:featuredmedia":[{"embeddable":true,"href":"https:\/\/elpajaritonews.com\/index.php?rest_route=\/wp\/v2\/media\/64042"}],"wp:attachment":[{"href":"https:\/\/elpajaritonews.com\/index.php?rest_route=%2Fwp%2Fv2%2Fmedia&parent=64041"}],"wp:term":[{"taxonomy":"category","embeddable":true,"href":"https:\/\/elpajaritonews.com\/index.php?rest_route=%2Fwp%2Fv2%2Fcategories&post=64041"},{"taxonomy":"post_tag","embeddable":true,"href":"https:\/\/elpajaritonews.com\/index.php?rest_route=%2Fwp%2Fv2%2Ftags&post=64041"}],"curies":[{"name":"wp","href":"https:\/\/api.w.org\/{rel}","templated":true}]}}