{"id":64044,"date":"2025-02-02T20:40:51","date_gmt":"2025-02-03T03:40:51","guid":{"rendered":"https:\/\/elpajaritonews.com\/?p=64044"},"modified":"2025-02-02T20:40:53","modified_gmt":"2025-02-03T03:40:53","slug":"miles-protestan-en-los-angeles-contra-medidas-antimigrantes-de-trump","status":"publish","type":"post","link":"https:\/\/elpajaritonews.com\/?p=64044","title":{"rendered":"MILES PROTESTAN EN LOS \u00c1NGELES CONTRA MEDIDAS ANTIMIGRANTES DE TRUMP"},"content":{"rendered":"\n<p class=\"wp-block-paragraph\">&nbsp;Miles de manifestantes salieron a las calles del centro de Los \u00c1ngeles este domingo para protestar contra las agresivas pol\u00edticas de deportaci\u00f3n del presidente estadunidense Donald Trump, inform\u00f3 Los \u00c1ngeles Time.<\/p>\n\n\n\n<p class=\"wp-block-paragraph\">Con banderas de M\u00e9xico y El Salvador, los manifestantes se reunieron cerca del ayuntamiento y bloquearon el tr\u00e1fico en las calles Spring y Temple, mientras entonaron una mezcla de m\u00fasica mexicana tradicional y contempor\u00e1nea a trav\u00e9s de un altavoz y algunos bailaron en la calle con ornamentos tradicionales de plumas, seg\u00fan el medio.<\/p>\n\n\n\n<p class=\"wp-block-paragraph\">Carteles con frases de \u201c\u00a1mi mam\u00e1 no es una criminal por querer una mejor vida!\u201d o \u201cdejen de separar familias, ning\u00fan ser humano es ilegal\u201d fueron redactados en ingl\u00e9s y levantados por j\u00f3venes que ondeaban la bandera mexicana.<\/p>\n\n\n\n<p class=\"wp-block-paragraph\">Trump, que tom\u00f3 posesi\u00f3n el 20 de enero, ha comenzado a llevar a cabo una deportaci\u00f3n masiva de migrantes irregulares a trav\u00e9s del Servicio de Control de Inmigraci\u00f3n y Aduanas (ICE por sus siglas en ingl\u00e9s) y ha empoderado a varias instituciones de su administraci\u00f3n para facilitar su detenci\u00f3n.<\/p>\n","protected":false},"excerpt":{"rendered":"<p>&nbsp;Miles de manifestantes salieron a las calles del centro de Los \u00c1ngeles este domingo para protestar contra las agresivas pol\u00edticas de deportaci\u00f3n del presidente estadunidense Donald Trump, inform\u00f3 Los \u00c1ngeles Time. Con banderas de M\u00e9xico y El Salvador, los manifestantes se reunieron cerca del ayuntamiento y bloquearon el tr\u00e1fico en las calles Spring y Temple,&#8230;<\/p>\n","protected":false},"author":2,"featured_media":64045,"comment_status":"closed","ping_status":"closed","sticky":false,"template":"","format":"standard","meta":{"_crdt_document":"","_exactmetrics_skip_tracking":false,"_exactmetrics_sitenote_active":false,"_exactmetrics_sitenote_note":"","_exactmetrics_sitenote_category":0,"footnotes":""},"categories":[89,38,31,1,27,69],"tags":[72,86,28,75],"class_list":["post-64044","post","type-post","status-publish","format-standard","has-post-thumbnail","hentry","category-estados-unidos","category-migracion","category-politica","category-seguridad","category-sonora","category-ultimas-noticias","tag-claudia-sheinbaum","tag-donald-trump","tag-nogales","tag-seguridad-publica"],"_links":{"self":[{"href":"https:\/\/elpajaritonews.com\/index.php?rest_route=\/wp\/v2\/posts\/64044","targetHints":{"allow":["GET"]}}],"collection":[{"href":"https:\/\/elpajaritonews.com\/index.php?rest_route=\/wp\/v2\/posts"}],"about":[{"href":"https:\/\/elpajaritonews.com\/index.php?rest_route=\/wp\/v2\/types\/post"}],"author":[{"embeddable":true,"href":"https:\/\/elpajaritonews.com\/index.php?rest_route=\/wp\/v2\/users\/2"}],"replies":[{"embeddable":true,"href":"https:\/\/elpajaritonews.com\/index.php?rest_route=%2Fwp%2Fv2%2Fcomments&post=64044"}],"version-history":[{"count":1,"href":"https:\/\/elpajaritonews.com\/index.php?rest_route=\/wp\/v2\/posts\/64044\/revisions"}],"predecessor-version":[{"id":64046,"href":"https:\/\/elpajaritonews.com\/index.php?rest_route=\/wp\/v2\/posts\/64044\/revisions\/64046"}],"wp:featuredmedia":[{"embeddable":true,"href":"https:\/\/elpajaritonews.com\/index.php?rest_route=\/wp\/v2\/media\/64045"}],"wp:attachment":[{"href":"https:\/\/elpajaritonews.com\/index.php?rest_route=%2Fwp%2Fv2%2Fmedia&parent=64044"}],"wp:term":[{"taxonomy":"category","embeddable":true,"href":"https:\/\/elpajaritonews.com\/index.php?rest_route=%2Fwp%2Fv2%2Fcategories&post=64044"},{"taxonomy":"post_tag","embeddable":true,"href":"https:\/\/elpajaritonews.com\/index.php?rest_route=%2Fwp%2Fv2%2Ftags&post=64044"}],"curies":[{"name":"wp","href":"https:\/\/api.w.org\/{rel}","templated":true}]}}