{"id":64047,"date":"2025-02-03T08:55:28","date_gmt":"2025-02-03T15:55:28","guid":{"rendered":"https:\/\/elpajaritonews.com\/?p=64047"},"modified":"2025-02-03T08:55:30","modified_gmt":"2025-02-03T15:55:30","slug":"aranceles-en-pausa-por-un-mes-dice-sheinbaum-tras-hablar-con-trump","status":"publish","type":"post","link":"https:\/\/elpajaritonews.com\/?p=64047","title":{"rendered":"ARANCELES EN PAUSA POR UN MES, DICE SHEINBAUM TRAS HABLAR CON TRUMP"},"content":{"rendered":"\n<p class=\"wp-block-paragraph\">Luego del compromiso del gobierno de M\u00e9xico por enviar 10 mil elementos de la Guardia Nacional a la frontera norte para evitar el tr\u00e1fico de drogas a Estados Unidos, en particular el fentanilo, el presidente Donald Trump acept\u00f3 poner en pausa por un mes los aranceles de 25 por ciento a exportaciones mexicanas.<\/p>\n\n\n\n<figure class=\"wp-block-embed is-type-video is-provider-youtube wp-block-embed-youtube wp-embed-aspect-4-3 wp-has-aspect-ratio\"><div class=\"wp-block-embed__wrapper\">\n<iframe loading=\"lazy\" title=\"Conferencia matutina del lunes 3 de febrero de 2025\" width=\"640\" height=\"480\" src=\"https:\/\/www.youtube.com\/embed\/tYnudD-5v2o?feature=oembed\" frameborder=\"0\" allow=\"accelerometer; autoplay; clipboard-write; encrypted-media; gyroscope; picture-in-picture; web-share\" referrerpolicy=\"strict-origin-when-cross-origin\" allowfullscreen><\/iframe>\n<\/div><\/figure>\n\n\n\n<p class=\"wp-block-paragraph\">As\u00ed lo dio a conocer la presidenta Claudia Sheinbaum Pardo tras la conversaci\u00f3n telef\u00f3nica que tuvo con el magnate esta ma\u00f1ana, como parte de las negociaciones entre ambas administraciones a partir de la imposici\u00f3n arancelaria que hab\u00eda anunciado el republicano que entrar\u00edan en vigor ma\u00f1ana.<\/p>\n\n\n\n<p class=\"wp-block-paragraph\">A trav\u00e9s de su red social X, la mandataria mexicana indic\u00f3 que la conversaci\u00f3n con su hom\u00f3logo estadunidense fue buena y respetuosa, en particular a la relaci\u00f3n y a la soberan\u00eda.<\/p>\n\n\n\n<p class=\"wp-block-paragraph\">Indic\u00f3 que los acuerdos son los siguientes: \u201cM\u00e9xico reforzar\u00e1 la frontera norte con 10 mil elementos de la Guardia Nacional de forma inmediata, para evitar el tr\u00e1fico de drogas de M\u00e9xico a Estados Unidos, en particular fentanilo\u201d.<\/p>\n\n\n\n<p class=\"wp-block-paragraph\">En contraparte, Washington se comprometi\u00f3 a trabajar para evitar el tr\u00e1fico de armas de alto poder a M\u00e9xico (que terminan en poder del crimen organizado).<\/p>\n\n\n\n<p class=\"wp-block-paragraph\">Los equipos de ambas naciones empezar\u00e1n trabajos hoy mismo en dos t\u00f3picos: seguridad y comercio.<\/p>\n\n\n\n<p class=\"wp-block-paragraph\">Ante ello, dijo la jefa del Ejecutivo, \u201cse ponen en pausa los aranceles por un mes a partir de ahora\u201d.<\/p>\n\n\n\n<p class=\"wp-block-paragraph\">Claudia Sheinbaum Pardo:<\/p>\n\n\n\n<p class=\"wp-block-paragraph\">Sostuvimos una buena conversaci\u00f3n con el presidente Trump con mucho respeto a nuestra relaci\u00f3n y la soberan\u00eda; llegamos a una serie de acuerdos:<\/p>\n\n\n\n<p class=\"wp-block-paragraph\">1.M\u00e9xico reforzar\u00e1 la frontera norte con 10 mil elementos de la Guardia Nacional de forma inmediata, para evitar el tr\u00e1fico de drogas de M\u00e9xico a Estados Unidos, en particular fentanilo.<\/p>\n\n\n\n<p class=\"wp-block-paragraph\">2.Estados Unidos se compromete a trabajar para evitar el tr\u00e1fico de armas de alto poder a M\u00e9xico.<\/p>\n\n\n\n<p class=\"wp-block-paragraph\">3.Nuestros equipos empezar\u00e1n a trabajar hoy mismo en dos vertientes: seguridad y comercio.<\/p>\n\n\n\n<p class=\"wp-block-paragraph\">4.Se ponen en pausa los aranceles por un mes a partir de ahora.<\/p>\n","protected":false},"excerpt":{"rendered":"<p>Luego del compromiso del gobierno de M\u00e9xico por enviar 10 mil elementos de la Guardia Nacional a la frontera norte para evitar el tr\u00e1fico de drogas a Estados Unidos, en particular el fentanilo, el presidente Donald Trump acept\u00f3 poner en pausa por un mes los aranceles de 25 por ciento a exportaciones mexicanas. As\u00ed lo&#8230;<\/p>\n","protected":false},"author":2,"featured_media":64048,"comment_status":"closed","ping_status":"closed","sticky":false,"template":"","format":"standard","meta":{"_crdt_document":"","_exactmetrics_skip_tracking":false,"_exactmetrics_sitenote_active":false,"_exactmetrics_sitenote_note":"","_exactmetrics_sitenote_category":0,"footnotes":""},"categories":[17,36,89,23,38,24,31,69,65],"tags":[72,86],"class_list":["post-64047","post","type-post","status-publish","format-standard","has-post-thumbnail","hentry","category-arizona","category-economia","category-estados-unidos","category-mexico","category-migracion","category-mundo","category-politica","category-ultimas-noticias","category-videos","tag-claudia-sheinbaum","tag-donald-trump"],"_links":{"self":[{"href":"https:\/\/elpajaritonews.com\/index.php?rest_route=\/wp\/v2\/posts\/64047","targetHints":{"allow":["GET"]}}],"collection":[{"href":"https:\/\/elpajaritonews.com\/index.php?rest_route=\/wp\/v2\/posts"}],"about":[{"href":"https:\/\/elpajaritonews.com\/index.php?rest_route=\/wp\/v2\/types\/post"}],"author":[{"embeddable":true,"href":"https:\/\/elpajaritonews.com\/index.php?rest_route=\/wp\/v2\/users\/2"}],"replies":[{"embeddable":true,"href":"https:\/\/elpajaritonews.com\/index.php?rest_route=%2Fwp%2Fv2%2Fcomments&post=64047"}],"version-history":[{"count":1,"href":"https:\/\/elpajaritonews.com\/index.php?rest_route=\/wp\/v2\/posts\/64047\/revisions"}],"predecessor-version":[{"id":64049,"href":"https:\/\/elpajaritonews.com\/index.php?rest_route=\/wp\/v2\/posts\/64047\/revisions\/64049"}],"wp:featuredmedia":[{"embeddable":true,"href":"https:\/\/elpajaritonews.com\/index.php?rest_route=\/wp\/v2\/media\/64048"}],"wp:attachment":[{"href":"https:\/\/elpajaritonews.com\/index.php?rest_route=%2Fwp%2Fv2%2Fmedia&parent=64047"}],"wp:term":[{"taxonomy":"category","embeddable":true,"href":"https:\/\/elpajaritonews.com\/index.php?rest_route=%2Fwp%2Fv2%2Fcategories&post=64047"},{"taxonomy":"post_tag","embeddable":true,"href":"https:\/\/elpajaritonews.com\/index.php?rest_route=%2Fwp%2Fv2%2Ftags&post=64047"}],"curies":[{"name":"wp","href":"https:\/\/api.w.org\/{rel}","templated":true}]}}