{"id":64142,"date":"2025-02-07T21:46:48","date_gmt":"2025-02-08T04:46:48","guid":{"rendered":"https:\/\/elpajaritonews.com\/?p=64142"},"modified":"2025-02-07T21:46:51","modified_gmt":"2025-02-08T04:46:51","slug":"recibe-congreso-de-sonora-informe-anual-de-la-cedh","status":"publish","type":"post","link":"https:\/\/elpajaritonews.com\/?p=64142","title":{"rendered":"RECIBE CONGRESO DE SONORA INFORME ANUAL DE LA CEDH"},"content":{"rendered":"\n<p class=\"wp-block-paragraph\">La Comisi\u00f3n de Justicia y Derechos Humanos del Congreso del Estado recibi\u00f3 el informe anual de labores de la Comisi\u00f3n Estatal de Derechos Humanos (CEDH Sonora), presentado por su presidente, Luis Fernando Renter\u00eda Barrag\u00e1n.<\/p>\n\n\n\n<p class=\"wp-block-paragraph\">El diputado Ren\u00e9 Garc\u00eda Rojo (PT) destac\u00f3 que esta comparecencia se llev\u00f3 a cabo en cumplimiento de los art\u00edculos 16 y 20 de la Ley que Crea la Comisi\u00f3n Estatal de Derechos Humanos.<\/p>\n\n\n\n<p class=\"wp-block-paragraph\">Renter\u00eda Barrag\u00e1n inform\u00f3 que, durante 2024, la Comisi\u00f3n atendi\u00f3 a m\u00e1s de 16 mil personas y emiti\u00f3 un total de 416 resoluciones en materia de medidas cautelares, con un cumplimiento del 100 por ciento. Estas acciones permitieron dar respuesta efectiva a casos de personas desaparecidas, mujeres v\u00edctimas de violencia, ni\u00f1as, ni\u00f1os y adolescentes en situaci\u00f3n de riesgo, as\u00ed como a personas privadas de la libertad.<\/p>\n\n\n\n<p class=\"wp-block-paragraph\">Asimismo, el organismo elabor\u00f3 cinco informes especiales con estudios detallados y propuestas de armonizaci\u00f3n legislativa en materia de derechos humanos, adem\u00e1s de emitir diez opiniones legislativas. En el \u00e1mbito de la capacitaci\u00f3n, se impartieron m\u00e1s de 800 cursos y se firmaron 15 convenios de colaboraci\u00f3n con diversos sectores, entre ellos c\u00e1maras empresariales.<\/p>\n\n\n\n<p class=\"wp-block-paragraph\">Como parte de su labor, se cre\u00f3 la Oficina para el Protocolo de Estambul, encargada de investigar y dictaminar casos de tortura, siendo la \u00fanica de su tipo dentro de una comisi\u00f3n de derechos humanos en el pa\u00eds.<\/p>\n\n\n\n<p class=\"wp-block-paragraph\">Finalmente, para fortalecer su estructura administrativa y adoptar una perspectiva procesal en materia de derechos humanos, se implement\u00f3 un nuevo reglamento interno que incorpora el uso de inteligencia artificial en el \u00e1mbito jur\u00eddico.<\/p>\n\n\n\n<p class=\"wp-block-paragraph\">En la reuni\u00f3n estuvieron presentes las diputadas Amairany Pe\u00f1a Escalante (PES), Alicia Gayt\u00e1n S\u00e1nchez (Morena) y Claudia Bours Corral (PVEM), as\u00ed como los diputados Omar del Valle Colosio (PVEM), Julio Navarro Contreras (Morena) y Emeterio Ochoa Baz\u00faa (PRI).<\/p>\n","protected":false},"excerpt":{"rendered":"<p>La Comisi\u00f3n de Justicia y Derechos Humanos del Congreso del Estado recibi\u00f3 el informe anual de labores de la Comisi\u00f3n Estatal de Derechos Humanos (CEDH Sonora), presentado por su presidente, Luis Fernando Renter\u00eda Barrag\u00e1n. El diputado Ren\u00e9 Garc\u00eda Rojo (PT) destac\u00f3 que esta comparecencia se llev\u00f3 a cabo en cumplimiento de los art\u00edculos 16 y&#8230;<\/p>\n","protected":false},"author":2,"featured_media":64143,"comment_status":"closed","ping_status":"closed","sticky":false,"template":"","format":"standard","meta":{"_crdt_document":"","_exactmetrics_skip_tracking":false,"_exactmetrics_sitenote_active":false,"_exactmetrics_sitenote_note":"","_exactmetrics_sitenote_category":0,"footnotes":""},"categories":[20,80,26,27],"tags":[71,73,30],"class_list":["post-64142","post","type-post","status-publish","format-standard","has-post-thumbnail","hentry","category-congreso","category-derechos-humanos","category-local","category-sonora","tag-alfonso-durazo","tag-congreso-del-estado-de-sonora","tag-sonora-tierra-de-oportunidades"],"_links":{"self":[{"href":"https:\/\/elpajaritonews.com\/index.php?rest_route=\/wp\/v2\/posts\/64142","targetHints":{"allow":["GET"]}}],"collection":[{"href":"https:\/\/elpajaritonews.com\/index.php?rest_route=\/wp\/v2\/posts"}],"about":[{"href":"https:\/\/elpajaritonews.com\/index.php?rest_route=\/wp\/v2\/types\/post"}],"author":[{"embeddable":true,"href":"https:\/\/elpajaritonews.com\/index.php?rest_route=\/wp\/v2\/users\/2"}],"replies":[{"embeddable":true,"href":"https:\/\/elpajaritonews.com\/index.php?rest_route=%2Fwp%2Fv2%2Fcomments&post=64142"}],"version-history":[{"count":1,"href":"https:\/\/elpajaritonews.com\/index.php?rest_route=\/wp\/v2\/posts\/64142\/revisions"}],"predecessor-version":[{"id":64144,"href":"https:\/\/elpajaritonews.com\/index.php?rest_route=\/wp\/v2\/posts\/64142\/revisions\/64144"}],"wp:featuredmedia":[{"embeddable":true,"href":"https:\/\/elpajaritonews.com\/index.php?rest_route=\/wp\/v2\/media\/64143"}],"wp:attachment":[{"href":"https:\/\/elpajaritonews.com\/index.php?rest_route=%2Fwp%2Fv2%2Fmedia&parent=64142"}],"wp:term":[{"taxonomy":"category","embeddable":true,"href":"https:\/\/elpajaritonews.com\/index.php?rest_route=%2Fwp%2Fv2%2Fcategories&post=64142"},{"taxonomy":"post_tag","embeddable":true,"href":"https:\/\/elpajaritonews.com\/index.php?rest_route=%2Fwp%2Fv2%2Ftags&post=64142"}],"curies":[{"name":"wp","href":"https:\/\/api.w.org\/{rel}","templated":true}]}}