{"id":64176,"date":"2025-02-12T20:51:21","date_gmt":"2025-02-13T03:51:21","guid":{"rendered":"https:\/\/elpajaritonews.com\/?p=64176"},"modified":"2025-02-12T20:51:22","modified_gmt":"2025-02-13T03:51:22","slug":"instalan-comision-de-desarrollo-productivo-y-regional-del-congreso-de-sonora","status":"publish","type":"post","link":"https:\/\/elpajaritonews.com\/?p=64176","title":{"rendered":"INSTALAN COMISI\u00d3N DE DESARROLLO PRODUCTIVO Y REGIONAL DEL CONGRESO DE SONORA"},"content":{"rendered":"\n<p class=\"wp-block-paragraph\">Con el objetivo de impulsar iniciativas que favorezcan el crecimiento econ\u00f3mico y social de la regi\u00f3n, qued\u00f3 formalmente instalada la Comisi\u00f3n de Desarrollo Productivo y Regional del Congreso de Sonora.<\/p>\n\n\n\n<figure class=\"wp-block-embed is-type-video is-provider-youtube wp-block-embed-youtube wp-embed-aspect-4-3 wp-has-aspect-ratio\"><div class=\"wp-block-embed__wrapper\">\n<iframe loading=\"lazy\" title=\"12 de Febrero 2025 - Comisi\u00f3n de Desarrollo Productivo y Regional\" width=\"640\" height=\"480\" src=\"https:\/\/www.youtube.com\/embed\/rMHxzBtmzBU?feature=oembed\" frameborder=\"0\" allow=\"accelerometer; autoplay; clipboard-write; encrypted-media; gyroscope; picture-in-picture; web-share\" referrerpolicy=\"strict-origin-when-cross-origin\" allowfullscreen><\/iframe>\n<\/div><\/figure>\n\n\n\n<p class=\"wp-block-paragraph\">La diputada Ana Gabriela Tapia Fonllem (PRD), presidenta del \u00f3rgano legislativo, destac\u00f3 la importancia de generar propuestas enfocadas en el desarrollo integral de la entidad y present\u00f3 el plan de trabajo para el presente periodo legislativo, el cual contempla acciones concretas para enfrentar los desaf\u00edos actuales del estado.<\/p>\n\n\n\n<p class=\"wp-block-paragraph\">Las y los integrantes de la comisi\u00f3n se comprometieron a colaborar estrechamente en beneficio de la poblaci\u00f3n sonorense y manifestaron su respaldo al Plan H\u00eddrico, presentado recientemente por el Ejecutivo estatal, cuyo prop\u00f3sito es mitigar los efectos de la sequ\u00eda que afecta a diversas comunidades de Sonora.<\/p>\n\n\n\n<p class=\"wp-block-paragraph\">En el acto de instalaci\u00f3n estuvieron presentes las y los diputados: Ernestina Castro Valenzuela (Morena), Iris S\u00e1nchez Chiu (PRI), Ferm\u00edn Trujillo Fuentes (NAS), H\u00e9ctor Castelo Monta\u00f1o (Morena), Emeterio Ochoa Baz\u00faa (PRI), Rub\u00e9n Gonz\u00e1lez Aguayo (PT), Juan Pablo Aren\u00edvar Mart\u00ednez (PAN) y Ra\u00fal Gonz\u00e1lez de la Vega.<\/p>\n\n\n\n<p class=\"wp-block-paragraph\">Tambi\u00e9n asistieron Juan Gonz\u00e1lez Alvarado, secretario de Agricultura y Desarrollo Rural; Desd\u00e9mona Cota Valenzuela, subsecretaria de Pesca de la Secretar\u00eda de Agricultura estatal; as\u00ed como representantes de organizaciones civiles y productores de la entidad.<\/p>\n\n\n\n<p class=\"wp-block-paragraph\"><\/p>\n","protected":false},"excerpt":{"rendered":"<p>Con el objetivo de impulsar iniciativas que favorezcan el crecimiento econ\u00f3mico y social de la regi\u00f3n, qued\u00f3 formalmente instalada la Comisi\u00f3n de Desarrollo Productivo y Regional del Congreso de Sonora. La diputada Ana Gabriela Tapia Fonllem (PRD), presidenta del \u00f3rgano legislativo, destac\u00f3 la importancia de generar propuestas enfocadas en el desarrollo integral de la entidad&#8230;<\/p>\n","protected":false},"author":2,"featured_media":64177,"comment_status":"closed","ping_status":"closed","sticky":false,"template":"","format":"standard","meta":{"_crdt_document":"","_exactmetrics_skip_tracking":false,"_exactmetrics_sitenote_active":false,"_exactmetrics_sitenote_note":"","_exactmetrics_sitenote_category":0,"footnotes":""},"categories":[20,36,26,31,27,69],"tags":[73,74],"class_list":["post-64176","post","type-post","status-publish","format-standard","has-post-thumbnail","hentry","category-congreso","category-economia","category-local","category-politica","category-sonora","category-ultimas-noticias","tag-congreso-del-estado-de-sonora","tag-hermosillo"],"_links":{"self":[{"href":"https:\/\/elpajaritonews.com\/index.php?rest_route=\/wp\/v2\/posts\/64176","targetHints":{"allow":["GET"]}}],"collection":[{"href":"https:\/\/elpajaritonews.com\/index.php?rest_route=\/wp\/v2\/posts"}],"about":[{"href":"https:\/\/elpajaritonews.com\/index.php?rest_route=\/wp\/v2\/types\/post"}],"author":[{"embeddable":true,"href":"https:\/\/elpajaritonews.com\/index.php?rest_route=\/wp\/v2\/users\/2"}],"replies":[{"embeddable":true,"href":"https:\/\/elpajaritonews.com\/index.php?rest_route=%2Fwp%2Fv2%2Fcomments&post=64176"}],"version-history":[{"count":1,"href":"https:\/\/elpajaritonews.com\/index.php?rest_route=\/wp\/v2\/posts\/64176\/revisions"}],"predecessor-version":[{"id":64178,"href":"https:\/\/elpajaritonews.com\/index.php?rest_route=\/wp\/v2\/posts\/64176\/revisions\/64178"}],"wp:featuredmedia":[{"embeddable":true,"href":"https:\/\/elpajaritonews.com\/index.php?rest_route=\/wp\/v2\/media\/64177"}],"wp:attachment":[{"href":"https:\/\/elpajaritonews.com\/index.php?rest_route=%2Fwp%2Fv2%2Fmedia&parent=64176"}],"wp:term":[{"taxonomy":"category","embeddable":true,"href":"https:\/\/elpajaritonews.com\/index.php?rest_route=%2Fwp%2Fv2%2Fcategories&post=64176"},{"taxonomy":"post_tag","embeddable":true,"href":"https:\/\/elpajaritonews.com\/index.php?rest_route=%2Fwp%2Fv2%2Ftags&post=64176"}],"curies":[{"name":"wp","href":"https:\/\/api.w.org\/{rel}","templated":true}]}}