{"id":64186,"date":"2025-02-12T23:48:39","date_gmt":"2025-02-13T06:48:39","guid":{"rendered":"https:\/\/elpajaritonews.com\/?p=64186"},"modified":"2025-02-12T23:48:40","modified_gmt":"2025-02-13T06:48:40","slug":"la-inflacion-sube-en-eu-y-arruina-la-idea-de-trump-de-imponer-aranceles-a-todo-mundo","status":"publish","type":"post","link":"https:\/\/elpajaritonews.com\/?p=64186","title":{"rendered":"LA INFLACI\u00d3N SUBE EN EU Y ARRUINA LA IDEA DE TRUMP DE IMPONER ARANCELES A TODO MUNDO"},"content":{"rendered":"\n<p class=\"wp-block-paragraph\">Malas noticias, m\u00edster Trump<\/p>\n\n\n\n<p class=\"wp-block-paragraph\">El \u00cdndice de Precios al Consumidor (IPC) de Estados Unidos subi\u00f3 m\u00e1s de lo esperado, seg\u00fan mostraron los datos de la Oficina de Estad\u00edsticas Laborales. \u00bfY qu\u00e9 tiene que ver esto con los planes de Donald Trump de imponer aranceles? Pues resulta que los analistas han advertido que los impuestos a las importaciones podr\u00edan exacerbar la inflaci\u00f3n.<\/p>\n\n\n\n<p class=\"wp-block-paragraph\">La inflaci\u00f3n estadounidense subi\u00f3 al tres por ciento en enero, lo que fortalece los argumentos a favor de que la Reserva Federal (Fed) no contin\u00fae con los recortes de las tasas de inter\u00e9s. Esto es una mala noticia para los planes de Donald Trump. El \u00cdndice de Precios al Consumidor (IPC) subi\u00f3 m\u00e1s de lo esperado, seg\u00fan mostraron los datos de la Oficina de Estad\u00edsticas Laborales. Aumentaron 0.5 por ciento respecto de diciembre, en lo que fue el aumento mensual m\u00e1s r\u00e1pido desde agosto de 2023. El mes pasado, el ritmo anual fue del 2.9 por ciento.<\/p>\n\n\n\n<p class=\"wp-block-paragraph\">El Presidente Trump prometi\u00f3 a las y los votantes que, si era elegido, promulgar\u00eda pol\u00edticas que har\u00edan bajar los precios desde el \u201cprimer d\u00eda\u201d en el cargo. Pero tres semanas despu\u00e9s de su mandato, Trump y los funcionarios de la Casa Blanca se han vuelto m\u00e1s mesurados en la forma en que hablan de sus esfuerzos para controlar la inflaci\u00f3n, dice hoy The New York Times. Han comenzado a restar importancia a la probabilidad de que los costos de consumo, como los alimentos, disminuyan en un futuro cercano, lo que refleja el poder limitado que tienen los presidentes para controlar los precios. \u00c9stos est\u00e1n determinados en gran medida por las fuerzas econ\u00f3micas globales.<\/p>\n\n\n\n<p class=\"wp-block-paragraph\">El mayor problema para Trump es continuar con su pol\u00edtica de aranceles. No hay un solo analista que no advierta sobre el impacto de los impuestos a las importaciones sobre la inflaci\u00f3n. Y seg\u00fan confirm\u00f3 hoy la Casa Blanca, el impuesto de 25 por ciento sobre el acero y el aluminio, que afecta a M\u00e9xico y a otros pa\u00edses, se sumar\u00eda al otro 25 por ciento de arancel sobre todas las importaciones mexicanas y canadienses, que ahora mismo est\u00e1 en pausa.<\/p>\n\n\n\n<p class=\"wp-block-paragraph\">\u201cEl cambio de tono podr\u00eda permitir a Trump restablecer las expectativas sobre la velocidad con la que bajar\u00e1n los precios a medida que implemente pol\u00edticas como aranceles y recortes de impuestos, que seg\u00fan los economistas podr\u00edan exacerbar la inflaci\u00f3n. Trump y sus asesores creen que expandir la producci\u00f3n energ\u00e9tica estadounidense y desmantelar las regulaciones reducir\u00e1 los costos. Tambi\u00e9n sostienen que algunas de las propuestas impositivas de Trump, como la eliminaci\u00f3n de los impuestos sobre las horas extra, frenar\u00edan la inflaci\u00f3n al dar a los trabajadores m\u00e1s incentivos para trabajar m\u00e1s horas, expandiendo as\u00ed la fuerza laboral\u201d, agrega el Times.<\/p>\n\n\n\n<p class=\"wp-block-paragraph\">Pero en una entrevista esta semana, Trump se mostr\u00f3 reticente cuando se le pregunt\u00f3 cu\u00e1ndo las familias que luchan contra los altos precios empezar\u00edan a sentir alg\u00fan alivio. Sugiri\u00f3 que sus pol\u00edticas convertir\u00edan a Estados Unidos en un pa\u00eds rico, lo que reducir\u00eda la carga sobre los consumidores al, en teor\u00eda, aumentar sus ingresos.<\/p>\n\n\n\n<p class=\"wp-block-paragraph\">Sin embargo, el \u00cdndice de Precios al Consumidor tuvo un incremento de 0.5 por ciento en enero, con lo que la tasa inflacionaria se ubic\u00f3 para inicios de este a\u00f1o en el tres por ciento, una de las cifras m\u00e1s altas desde mediados de junio del a\u00f1o pasado.<\/p>\n\n\n\n<p class=\"wp-block-paragraph\">Aunque la inflaci\u00f3n en Estados Unidos ha ido cediendo a la estrategia de la Reserva Federal de ubicarla en el dos por ciento desde su m\u00e1ximo hist\u00f3rico de 9.1 por ciento en junio del 2022, todav\u00eda las presiones inflacionarias persisten.<\/p>\n\n\n\n<p class=\"wp-block-paragraph\">Para el cierre de enero, la Fed, encabezada por su presidente Jerome Powell, anunci\u00f3 una pausa en las tasas de inter\u00e9s, las cuales quedaron en el rango de 4.25 a 4.5 por ciento. \u201cLa inflaci\u00f3n ha disminuido significativamente en los \u00faltimos dos a\u00f1os, pero sigue siendo algo elevada en relaci\u00f3n con nuestro objetivo del dos por ciento a largo plazo\u201d, mencion\u00f3 Powell en su discurso a la prensa.<\/p>\n\n\n\n<p class=\"wp-block-paragraph\">Es en ese contexto que la Casa Blanca dijo este mi\u00e9rcoles a la Agence France-Presse (AFP) que \u00ablos aranceles del 25 por ciento al acero y al aluminio anunciados el lunes por el Presidente estadounidense Donald Trump se sumar\u00e1n a los del 25 por ciento sobre los bienes mexicanos y canadienses ya impuestos, pero en suspenso durante un mes\u00bb.<\/p>\n\n\n\n<p class=\"wp-block-paragraph\">De acuerdo con una fuente citada por la agencia de noticias, si las tarifas a los productos provenientes de M\u00e9xico y Canad\u00e1 se comienzan a aplicar el 1 de marzo, \u00abel acero y el aluminio producidos por los dos pa\u00edses ser\u00e1n gravados en total con un 50 por ciento a partir del d\u00eda 12 de ese mes\u00bb.<\/p>\n\n\n\n<figure class=\"wp-block-embed is-type-video is-provider-youtube wp-block-embed-youtube wp-embed-aspect-16-9 wp-has-aspect-ratio\"><div class=\"wp-block-embed__wrapper\">\n<iframe loading=\"lazy\" title=\"#An\u00e1lisis \u00ac Trump impone aranceles: El acero y aluminio pagar\u00e1n 25% al entrar a EU\" width=\"640\" height=\"360\" src=\"https:\/\/www.youtube.com\/embed\/oQast0-Bw8c?start=1&#038;feature=oembed\" frameborder=\"0\" allow=\"accelerometer; autoplay; clipboard-write; encrypted-media; gyroscope; picture-in-picture; web-share\" referrerpolicy=\"strict-origin-when-cross-origin\" allowfullscreen><\/iframe>\n<\/div><\/figure>\n\n\n\n<p class=\"wp-block-paragraph\">El lunes pasado, el Presidente de Estados Unidos firm\u00f3 las \u00f3rdenes ejecutivas sobre la imposici\u00f3n de un 25 por ciento de aranceles a todas las importaciones de acero y aluminio, que, seg\u00fan la Casa Blanca, entrar\u00e1n en vigor el 12 de marzo.<\/p>\n\n\n\n<p class=\"wp-block-paragraph\">\u00abEsto es algo muy importante. Es el comienzo para hacer que Estados Unidos vuelva a ser rico\u00bb, afirm\u00f3 el inquilino desde el Despacho Oval en la Casa Blanca mientras firmaba el documento. \u00abCreo que nuestros aliados y nuestros enemigos en todo el mundo esperaban esto. Lo esperaban desde hace a\u00f1os. [&#8230;] Si se hace correctamente, no queremos que perjudique a otros pa\u00edses. Pero se han estado aprovechando durante a\u00f1os. La mayor\u00eda nos han cobrado aranceles, casi sin excepci\u00f3n. Es hora de ser rec\u00edprocos\u00bb, agreg\u00f3.<\/p>\n\n\n\n<p class=\"wp-block-paragraph\">En el decreto publicado por la Casa Blanca, se establece que el r\u00e9gimen arancelario aplicado hasta la fecha \u00abha socavado los objetivos de seguridad nacional\u00bb de la industria de los productos mencionados, lo que ha \u00abdado lugar a un aumento significativo de las importaciones de art\u00edculos de aluminio que una vez m\u00e1s amenazan con perjudicar la seguridad nacional de Estados Unidos\u00bb.<\/p>\n\n\n\n<figure class=\"wp-block-embed is-type-video is-provider-youtube wp-block-embed-youtube wp-embed-aspect-16-9 wp-has-aspect-ratio\"><div class=\"wp-block-embed__wrapper\">\n<iframe loading=\"lazy\" title=\"Sheinbaum enviar\u00e1 una carta a la Casa Blanca sobre los aranceles al acero y aluminio\" width=\"640\" height=\"360\" src=\"https:\/\/www.youtube.com\/embed\/lS11cR9wMh0?feature=oembed\" frameborder=\"0\" allow=\"accelerometer; autoplay; clipboard-write; encrypted-media; gyroscope; picture-in-picture; web-share\" referrerpolicy=\"strict-origin-when-cross-origin\" allowfullscreen><\/iframe>\n<\/div><\/figure>\n\n\n\n<p class=\"wp-block-paragraph\">Asimismo, Trump se\u00f1al\u00f3 que los aranceles que hasta ahora estaban al 25 por ciento han sido \u00abun medio eficaz para reducir las importaciones, fomentar la inversi\u00f3n y la expansi\u00f3n de la producci\u00f3n nacional de acero y mitigar el posible menoscabo de la seguridad nacional\u00bb. Pese a ello, indic\u00f3, las importaciones de art\u00edculos de ciertos pa\u00edses exentos del arancel o sujetos a acuerdos alternativos han aumentado \u00absignificativamente\u00bb.<\/p>\n\n\n\n<p class=\"wp-block-paragraph\">En la v\u00edspera, al anunciar la medida en el \u00abAir Force One\u00bb de camino a Nueva Orleans para acudir al Super Bowl, precis\u00f3 que estas tarifas se aplicar\u00edan \u00aba todos\u00bb. \u00abEs muy sencillo. Si nos cobran, les cobramos\u00bb, coment\u00f3 tras adelantar que elevar\u00e1 los aranceles en respuesta a las posibles medidas de represalia que adopten otros pa\u00edses.<\/p>\n\n\n\n<p class=\"wp-block-paragraph\">Hoy, Claudia Sheinbaum Pardo, Presidenta de M\u00e9xico, anunci\u00f3 que enviar\u00e1 una carta a la Casa Blanca para explicar por qu\u00e9 no le conviene a Estados Unidos imponer aranceles al acero y al aluminio.<\/p>\n\n\n\n<p class=\"wp-block-paragraph\">\u00abVamos a enviar una informaci\u00f3n a la Casa Blanca de lo que se present\u00f3 ayer a trav\u00e9s de una misiva relacionada con los aranceles de acero y aluminio para mostrarle al Presidente [Donald] Trump que en el caso particular de acero y aluminio, ellos exportan m\u00e1s de lo que nosotros exportamos. Es decir, en este caso Estados Unidos tiene super\u00e1vit. Entonces no le conviene a Estados Unidos poner aranceles en acero y aluminio a M\u00e9xico\u00bb, sostuvo.<\/p>\n\n\n\n<figure class=\"wp-block-embed is-type-video is-provider-youtube wp-block-embed-youtube wp-embed-aspect-16-9 wp-has-aspect-ratio\"><div class=\"wp-block-embed__wrapper\">\n<iframe loading=\"lazy\" title=\"Ebrard: Es balazo en un pie, EU nos env\u00eda mucho m\u00e1s acero y aluminio del que mandamos\" width=\"640\" height=\"360\" src=\"https:\/\/www.youtube.com\/embed\/rEUc02W75IA?start=2&#038;feature=oembed\" frameborder=\"0\" allow=\"accelerometer; autoplay; clipboard-write; encrypted-media; gyroscope; picture-in-picture; web-share\" referrerpolicy=\"strict-origin-when-cross-origin\" allowfullscreen><\/iframe>\n<\/div><\/figure>\n\n\n\n<p class=\"wp-block-paragraph\">Ayer, Marcelo Ebrard, titular de la Secretar\u00eda de Econom\u00eda, consider\u00f3 que los aranceles del 25 por ciento al acero y aluminio impuestos por Estados Unidos no tienen sentido y que son \u00abun balazo en el pie\u00bb, pues M\u00e9xico importa m\u00e1s de lo que exporta.<\/p>\n\n\n\n<p class=\"wp-block-paragraph\">\u00abNo tiene sentido. M\u00e9xico importa m\u00e1s acero a Estados Unidos del que exporta. Dice a veces el Presidente [Donald] Trump: &#8216;Sentido com\u00fan&#8217;. Bueno, pues le tomamos la palabra: sentido com\u00fan. No balazo en el pie, no destruir lo que hemos construido los \u00faltimos 40 a\u00f1os\u00bb, expres\u00f3 desde Palacio Nacional.<\/p>\n\n\n\n<p class=\"wp-block-paragraph\">En tanto, la Comisi\u00f3n Europea inform\u00f3 que no ha recibido ninguna notificaci\u00f3n oficial de los aranceles, pero el Ministro de Exteriores de Francia, Jean-Noel Barrot, subray\u00f3 que la Uni\u00f3n Europea (UE) responder\u00e1 a cualquier arancel impuesto por Washington al bloque comunitario.<\/p>\n\n\n\n<p class=\"wp-block-paragraph\">Trump ya anunci\u00f3 el pasado 1 de febrero aranceles del 10 por ciento sobre los productos de China, y tambi\u00e9n aranceles del 25 por ciento para Canad\u00e1 y M\u00e9xico, aunque en estos dos casos suspendi\u00f3 su aplicaci\u00f3n durante un mes tras alcanzar sendos acuerdos para el despliegue de fuerzas de seguridad en la frontera, a fin de evitar la migraci\u00f3n y el tr\u00e1fico de fentanilo hacia Estados Unidos.<\/p>\n\n\n\n<figure class=\"wp-block-embed is-type-video is-provider-youtube wp-block-embed-youtube wp-embed-aspect-16-9 wp-has-aspect-ratio\"><div class=\"wp-block-embed__wrapper\">\n<iframe loading=\"lazy\" title=\"Claudia contiene a Trump antes que Canad\u00e1-China. Negocian migraci\u00f3n, comercio, drogas\" width=\"640\" height=\"360\" src=\"https:\/\/www.youtube.com\/embed\/I0PFwHKpJJ8?feature=oembed\" frameborder=\"0\" allow=\"accelerometer; autoplay; clipboard-write; encrypted-media; gyroscope; picture-in-picture; web-share\" referrerpolicy=\"strict-origin-when-cross-origin\" allowfullscreen><\/iframe>\n<\/div><\/figure>\n\n\n\n<p class=\"wp-block-paragraph\">Por Sin Embargo \/ Redaccion y Con informaci\u00f3n de La Opini\u00f3n y Europa Press<\/p>\n","protected":false},"excerpt":{"rendered":"<p>Malas noticias, m\u00edster Trump El \u00cdndice de Precios al Consumidor (IPC) de Estados Unidos subi\u00f3 m\u00e1s de lo esperado, seg\u00fan mostraron los datos de la Oficina de Estad\u00edsticas Laborales. \u00bfY qu\u00e9 tiene que ver esto con los planes de Donald Trump de imponer aranceles? Pues resulta que los analistas han advertido que los impuestos a&#8230;<\/p>\n","protected":false},"author":2,"featured_media":64187,"comment_status":"closed","ping_status":"closed","sticky":false,"template":"","format":"standard","meta":{"_crdt_document":"","_exactmetrics_skip_tracking":false,"_exactmetrics_sitenote_active":false,"_exactmetrics_sitenote_note":"","_exactmetrics_sitenote_category":0,"footnotes":""},"categories":[36,89,23,38,31,27,69,65],"tags":[72,86,87,28],"class_list":["post-64186","post","type-post","status-publish","format-standard","has-post-thumbnail","hentry","category-economia","category-estados-unidos","category-mexico","category-migracion","category-politica","category-sonora","category-ultimas-noticias","category-videos","tag-claudia-sheinbaum","tag-donald-trump","tag-estados-unidos","tag-nogales"],"_links":{"self":[{"href":"https:\/\/elpajaritonews.com\/index.php?rest_route=\/wp\/v2\/posts\/64186","targetHints":{"allow":["GET"]}}],"collection":[{"href":"https:\/\/elpajaritonews.com\/index.php?rest_route=\/wp\/v2\/posts"}],"about":[{"href":"https:\/\/elpajaritonews.com\/index.php?rest_route=\/wp\/v2\/types\/post"}],"author":[{"embeddable":true,"href":"https:\/\/elpajaritonews.com\/index.php?rest_route=\/wp\/v2\/users\/2"}],"replies":[{"embeddable":true,"href":"https:\/\/elpajaritonews.com\/index.php?rest_route=%2Fwp%2Fv2%2Fcomments&post=64186"}],"version-history":[{"count":1,"href":"https:\/\/elpajaritonews.com\/index.php?rest_route=\/wp\/v2\/posts\/64186\/revisions"}],"predecessor-version":[{"id":64188,"href":"https:\/\/elpajaritonews.com\/index.php?rest_route=\/wp\/v2\/posts\/64186\/revisions\/64188"}],"wp:featuredmedia":[{"embeddable":true,"href":"https:\/\/elpajaritonews.com\/index.php?rest_route=\/wp\/v2\/media\/64187"}],"wp:attachment":[{"href":"https:\/\/elpajaritonews.com\/index.php?rest_route=%2Fwp%2Fv2%2Fmedia&parent=64186"}],"wp:term":[{"taxonomy":"category","embeddable":true,"href":"https:\/\/elpajaritonews.com\/index.php?rest_route=%2Fwp%2Fv2%2Fcategories&post=64186"},{"taxonomy":"post_tag","embeddable":true,"href":"https:\/\/elpajaritonews.com\/index.php?rest_route=%2Fwp%2Fv2%2Ftags&post=64186"}],"curies":[{"name":"wp","href":"https:\/\/api.w.org\/{rel}","templated":true}]}}