{"id":64192,"date":"2025-02-13T15:31:06","date_gmt":"2025-02-13T22:31:06","guid":{"rendered":"https:\/\/elpajaritonews.com\/?p=64192"},"modified":"2025-02-13T15:31:08","modified_gmt":"2025-02-13T22:31:08","slug":"trump-firma-plan-para-imponer-aranceles-reciprocos-a-socios-comerciales","status":"publish","type":"post","link":"https:\/\/elpajaritonews.com\/?p=64192","title":{"rendered":"TRUMP FIRMA PLAN PARA IMPONER ARANCELES REC\u00cdPROCOS A SOCIOS COMERCIALES"},"content":{"rendered":"\n<p class=\"wp-block-paragraph\">&nbsp;El presidente estadunidense, Donald Trump, present\u00f3 este jueves su plan de aumentar los aranceles para igualarlos a los impuestos que otros pa\u00edses cobran por importaciones, posiblemente desatando un enfrentamiento econ\u00f3mico en su af\u00e1n por eliminar los desbalances comerciales.<\/p>\n\n\n\n<p class=\"wp-block-paragraph\">\u201cHe decidido, por el principio de la igualdad, que voy a cobrar un arancel rec\u00edproco\u201d, declar\u00f3 Trump en la Oficina Oval. \u201cEs justo para todos. Ning\u00fan otro pa\u00eds se puede quejar\u201d.<\/p>\n\n\n\n<p class=\"wp-block-paragraph\">Trump dijo que sus planeados aranceles rec\u00edprocos apuntan a devolver la equidad y equilibrar\u00edan el campo de juego, mientras que su designado jefe del Departamento de Comercio indic\u00f3 que cada pa\u00eds ser\u00eda abordado uno por uno.<\/p>\n\n\n\n<p class=\"wp-block-paragraph\">En declaraciones a periodistas en la Casa Blanca, Trump afirm\u00f3 que otros pa\u00edses podr\u00edan reducir los aranceles o eliminarlos.<\/p>\n\n\n\n<p class=\"wp-block-paragraph\">Las naciones que utilicen un sistema de impuesto sobre el valor a\u00f1adido deber\u00e1n considerarlo como un arancel y no se aceptar\u00e1 el env\u00edo de mercanc\u00edas a trav\u00e9s de otro pa\u00eds para evitar los aranceles, a\u00f1adi\u00f3 el mandatario.<\/p>\n\n\n\n<p class=\"wp-block-paragraph\">Tambi\u00e9n reconoci\u00f3 que \u00ablos precios podr\u00edan subir\u00bb como consecuencia de los \u00abaranceles rec\u00edprocos\u00bb que impone a aliados y adversarios del pa\u00eds.<\/p>\n\n\n\n<p class=\"wp-block-paragraph\">El republicano espera que los precios acaben bajando en un tiempo, afirm\u00f3 durante la firma de un documento con consignas para llevar a cabo su pol\u00edtica arancelaria.<\/p>\n","protected":false},"excerpt":{"rendered":"<p>&nbsp;El presidente estadunidense, Donald Trump, present\u00f3 este jueves su plan de aumentar los aranceles para igualarlos a los impuestos que otros pa\u00edses cobran por importaciones, posiblemente desatando un enfrentamiento econ\u00f3mico en su af\u00e1n por eliminar los desbalances comerciales. \u201cHe decidido, por el principio de la igualdad, que voy a cobrar un arancel rec\u00edproco\u201d, declar\u00f3 Trump&#8230;<\/p>\n","protected":false},"author":2,"featured_media":64193,"comment_status":"closed","ping_status":"closed","sticky":false,"template":"","format":"standard","meta":{"_crdt_document":"","_exactmetrics_skip_tracking":false,"_exactmetrics_sitenote_active":false,"_exactmetrics_sitenote_note":"","_exactmetrics_sitenote_category":0,"footnotes":""},"categories":[36,89,38,24,69],"tags":[72,86,28],"class_list":["post-64192","post","type-post","status-publish","format-standard","has-post-thumbnail","hentry","category-economia","category-estados-unidos","category-migracion","category-mundo","category-ultimas-noticias","tag-claudia-sheinbaum","tag-donald-trump","tag-nogales"],"_links":{"self":[{"href":"https:\/\/elpajaritonews.com\/index.php?rest_route=\/wp\/v2\/posts\/64192","targetHints":{"allow":["GET"]}}],"collection":[{"href":"https:\/\/elpajaritonews.com\/index.php?rest_route=\/wp\/v2\/posts"}],"about":[{"href":"https:\/\/elpajaritonews.com\/index.php?rest_route=\/wp\/v2\/types\/post"}],"author":[{"embeddable":true,"href":"https:\/\/elpajaritonews.com\/index.php?rest_route=\/wp\/v2\/users\/2"}],"replies":[{"embeddable":true,"href":"https:\/\/elpajaritonews.com\/index.php?rest_route=%2Fwp%2Fv2%2Fcomments&post=64192"}],"version-history":[{"count":1,"href":"https:\/\/elpajaritonews.com\/index.php?rest_route=\/wp\/v2\/posts\/64192\/revisions"}],"predecessor-version":[{"id":64194,"href":"https:\/\/elpajaritonews.com\/index.php?rest_route=\/wp\/v2\/posts\/64192\/revisions\/64194"}],"wp:featuredmedia":[{"embeddable":true,"href":"https:\/\/elpajaritonews.com\/index.php?rest_route=\/wp\/v2\/media\/64193"}],"wp:attachment":[{"href":"https:\/\/elpajaritonews.com\/index.php?rest_route=%2Fwp%2Fv2%2Fmedia&parent=64192"}],"wp:term":[{"taxonomy":"category","embeddable":true,"href":"https:\/\/elpajaritonews.com\/index.php?rest_route=%2Fwp%2Fv2%2Fcategories&post=64192"},{"taxonomy":"post_tag","embeddable":true,"href":"https:\/\/elpajaritonews.com\/index.php?rest_route=%2Fwp%2Fv2%2Ftags&post=64192"}],"curies":[{"name":"wp","href":"https:\/\/api.w.org\/{rel}","templated":true}]}}