{"id":64264,"date":"2025-02-18T20:12:46","date_gmt":"2025-02-19T03:12:46","guid":{"rendered":"https:\/\/elpajaritonews.com\/?p=64264"},"modified":"2025-02-18T20:12:47","modified_gmt":"2025-02-19T03:12:47","slug":"gobernador-durazo-y-gobierno-de-mexico-avanzan-en-instalacion-de-plantas-solares-y-modernizacion-de-puertos-fronterizos-en-sonora","status":"publish","type":"post","link":"https:\/\/elpajaritonews.com\/?p=64264","title":{"rendered":"GOBERNADOR DURAZO Y GOBIERNO DE M\u00c9XICO AVANZAN EN INSTALACI\u00d3N DE PLANTAS SOLARES Y MODERNIZACI\u00d3N DE PUERTOS FRONTERIZOS EN SONORA"},"content":{"rendered":"\n<p class=\"wp-block-paragraph\">* El gobernador Alfonso Durazo se reuni\u00f3 con la secretaria de Energ\u00eda, Luz Elena Gonz\u00e1lez Escobar, y directivos de UGT Renewables para dar seguimiento a la operaci\u00f3n de la Central Fotovoltaica de Puerto Pe\u00f1asco, la instalaci\u00f3n de nuevas plantas solares en Sonora y otros proyectos estrat\u00e9gicos dentro del Plan Sonora.<\/p>\n\n\n\n<p class=\"wp-block-paragraph\">* Estas reuniones buscan promover el desarrollo sustentable de Sonora mediante la generaci\u00f3n de energ\u00edas limpias, elevando el potencial del estado para el crecimiento econ\u00f3mico, la atracci\u00f3n de inversiones y la creaci\u00f3n de empleos bien remunerados en beneficio de las familias sonorenses.<\/p>\n\n\n\n<p class=\"wp-block-paragraph\">Con los beneficios que ha generado el Plan Sonora de Energ\u00edas Sostenibles desde su implementaci\u00f3n, se consolidan proyectos clave como la Central Fotovoltaica de Puerto Pe\u00f1asco y la instalaci\u00f3n de nuevas plantas solares para fortalecer la generaci\u00f3n de energ\u00eda limpia y sustentable en la entidad, destac\u00f3 el gobernador Alfonso Durazo Monta\u00f1o durante una reuni\u00f3n con la secretaria de Energ\u00eda (Sener), Luz Elena Gonz\u00e1lez Escobar, y ejecutivos de UGT Renewables.<\/p>\n\n\n\n<p class=\"wp-block-paragraph\">El mandatario estatal subray\u00f3 la importancia de dar seguimiento puntual a estos proyectos, que incluyen la modernizaci\u00f3n de la infraestructura del Puerto de Guaymas y la carretera Guaymas-Chihuahua, as\u00ed como la promoci\u00f3n del Plan Sonora, con el que se impulsa el desarrollo sustentable y la descarbonizaci\u00f3n de la econom\u00eda.<\/p>\n\n\n\n<p class=\"wp-block-paragraph\">Durante el encuentro, el gobernador Durazo expuso las caracter\u00edsticas y beneficios de otros proyectos prioritarios, como la planta fotovoltaica Rafael Galv\u00e1n Maldonado, nuevas centrales solares, la modernizaci\u00f3n de puertos fronterizos, el desarrollo de parques industriales y los incentivos fiscales para las empresas que se sumen al Plan Sonora.<\/p>\n\n\n\n<p class=\"wp-block-paragraph\">El mandatario sonorense reafirm\u00f3 el compromiso de continuar trabajando en conjunto con UGT Renewables para fortalecer las inversiones en la entidad y convertir las ventajas del Plan Sonora en un modelo de desarrollo sostenible y amigable con el medio ambiente, en beneficio de la poblaci\u00f3n sonorense.<\/p>\n","protected":false},"excerpt":{"rendered":"<p>* El gobernador Alfonso Durazo se reuni\u00f3 con la secretaria de Energ\u00eda, Luz Elena Gonz\u00e1lez Escobar, y directivos de UGT Renewables para dar seguimiento a la operaci\u00f3n de la Central Fotovoltaica de Puerto Pe\u00f1asco, la instalaci\u00f3n de nuevas plantas solares en Sonora y otros proyectos estrat\u00e9gicos dentro del Plan Sonora. * Estas reuniones buscan promover&#8230;<\/p>\n","protected":false},"author":2,"featured_media":64265,"comment_status":"closed","ping_status":"closed","sticky":false,"template":"","format":"standard","meta":{"_crdt_document":"","_exactmetrics_skip_tracking":false,"_exactmetrics_sitenote_active":false,"_exactmetrics_sitenote_note":"","_exactmetrics_sitenote_category":0,"footnotes":""},"categories":[36,89,37,23,38,31,1,27,69],"tags":[71,72,76,30],"class_list":["post-64264","post","type-post","status-publish","format-standard","has-post-thumbnail","hentry","category-economia","category-estados-unidos","category-medio-ambiente","category-mexico","category-migracion","category-politica","category-seguridad","category-sonora","category-ultimas-noticias","tag-alfonso-durazo","tag-claudia-sheinbaum","tag-medio-ambiente","tag-sonora-tierra-de-oportunidades"],"_links":{"self":[{"href":"https:\/\/elpajaritonews.com\/index.php?rest_route=\/wp\/v2\/posts\/64264","targetHints":{"allow":["GET"]}}],"collection":[{"href":"https:\/\/elpajaritonews.com\/index.php?rest_route=\/wp\/v2\/posts"}],"about":[{"href":"https:\/\/elpajaritonews.com\/index.php?rest_route=\/wp\/v2\/types\/post"}],"author":[{"embeddable":true,"href":"https:\/\/elpajaritonews.com\/index.php?rest_route=\/wp\/v2\/users\/2"}],"replies":[{"embeddable":true,"href":"https:\/\/elpajaritonews.com\/index.php?rest_route=%2Fwp%2Fv2%2Fcomments&post=64264"}],"version-history":[{"count":1,"href":"https:\/\/elpajaritonews.com\/index.php?rest_route=\/wp\/v2\/posts\/64264\/revisions"}],"predecessor-version":[{"id":64266,"href":"https:\/\/elpajaritonews.com\/index.php?rest_route=\/wp\/v2\/posts\/64264\/revisions\/64266"}],"wp:featuredmedia":[{"embeddable":true,"href":"https:\/\/elpajaritonews.com\/index.php?rest_route=\/wp\/v2\/media\/64265"}],"wp:attachment":[{"href":"https:\/\/elpajaritonews.com\/index.php?rest_route=%2Fwp%2Fv2%2Fmedia&parent=64264"}],"wp:term":[{"taxonomy":"category","embeddable":true,"href":"https:\/\/elpajaritonews.com\/index.php?rest_route=%2Fwp%2Fv2%2Fcategories&post=64264"},{"taxonomy":"post_tag","embeddable":true,"href":"https:\/\/elpajaritonews.com\/index.php?rest_route=%2Fwp%2Fv2%2Ftags&post=64264"}],"curies":[{"name":"wp","href":"https:\/\/api.w.org\/{rel}","templated":true}]}}