{"id":64267,"date":"2025-02-18T22:04:16","date_gmt":"2025-02-19T05:04:16","guid":{"rendered":"https:\/\/elpajaritonews.com\/?p=64267"},"modified":"2025-02-18T22:04:18","modified_gmt":"2025-02-19T05:04:18","slug":"mexico-esta-en-gran-parte-controlado-por-los-carteles-afirma-trump","status":"publish","type":"post","link":"https:\/\/elpajaritonews.com\/?p=64267","title":{"rendered":"\u201cM\u00c9XICO EST\u00c1 EN GRAN PARTE CONTROLADO POR LOS C\u00c1RTELES\u201d, AFIRMA TRUMP"},"content":{"rendered":"\n<p class=\"wp-block-paragraph\">El presidente estadunidense, Donald Trump, afirm\u00f3 este martes que \u00abM\u00e9xico est\u00e1 en gran parte controlado por los c\u00e1rteles\u00bb de la droga.<\/p>\n\n\n\n<p class=\"wp-block-paragraph\">\u00abEs algo triste decirlo, y si quisieran ayuda con eso, se la dar\u00edamos\u00bb, dijo a periodistas en Mar-a-Lago. Acus\u00f3 adem\u00e1s a M\u00e9xico de haber \u00abpermitido que una enorme cantidad\u00bb de migrantes sin visa \u00abpasen por su pa\u00eds\u00bb.<\/p>\n\n\n\n<figure class=\"wp-block-embed is-type-rich is-provider-twitter wp-block-embed-twitter\"><div class=\"wp-block-embed__wrapper\">\nhttps:\/\/twitter.com\/i\/status\/1892015647854313504\n<\/div><\/figure>\n","protected":false},"excerpt":{"rendered":"<p>El presidente estadunidense, Donald Trump, afirm\u00f3 este martes que \u00abM\u00e9xico est\u00e1 en gran parte controlado por los c\u00e1rteles\u00bb de la droga. \u00abEs algo triste decirlo, y si quisieran ayuda con eso, se la dar\u00edamos\u00bb, dijo a periodistas en Mar-a-Lago. Acus\u00f3 adem\u00e1s a M\u00e9xico de haber \u00abpermitido que una enorme cantidad\u00bb de migrantes sin visa \u00abpasen&#8230;<\/p>\n","protected":false},"author":2,"featured_media":64268,"comment_status":"closed","ping_status":"closed","sticky":false,"template":"","format":"standard","meta":{"_crdt_document":"","_exactmetrics_skip_tracking":false,"_exactmetrics_sitenote_active":false,"_exactmetrics_sitenote_note":"","_exactmetrics_sitenote_category":0,"footnotes":""},"categories":[17,89,23,38,1,27,69],"tags":[72,75,30],"class_list":["post-64267","post","type-post","status-publish","format-standard","has-post-thumbnail","hentry","category-arizona","category-estados-unidos","category-mexico","category-migracion","category-seguridad","category-sonora","category-ultimas-noticias","tag-claudia-sheinbaum","tag-seguridad-publica","tag-sonora-tierra-de-oportunidades"],"_links":{"self":[{"href":"https:\/\/elpajaritonews.com\/index.php?rest_route=\/wp\/v2\/posts\/64267","targetHints":{"allow":["GET"]}}],"collection":[{"href":"https:\/\/elpajaritonews.com\/index.php?rest_route=\/wp\/v2\/posts"}],"about":[{"href":"https:\/\/elpajaritonews.com\/index.php?rest_route=\/wp\/v2\/types\/post"}],"author":[{"embeddable":true,"href":"https:\/\/elpajaritonews.com\/index.php?rest_route=\/wp\/v2\/users\/2"}],"replies":[{"embeddable":true,"href":"https:\/\/elpajaritonews.com\/index.php?rest_route=%2Fwp%2Fv2%2Fcomments&post=64267"}],"version-history":[{"count":1,"href":"https:\/\/elpajaritonews.com\/index.php?rest_route=\/wp\/v2\/posts\/64267\/revisions"}],"predecessor-version":[{"id":64269,"href":"https:\/\/elpajaritonews.com\/index.php?rest_route=\/wp\/v2\/posts\/64267\/revisions\/64269"}],"wp:featuredmedia":[{"embeddable":true,"href":"https:\/\/elpajaritonews.com\/index.php?rest_route=\/wp\/v2\/media\/64268"}],"wp:attachment":[{"href":"https:\/\/elpajaritonews.com\/index.php?rest_route=%2Fwp%2Fv2%2Fmedia&parent=64267"}],"wp:term":[{"taxonomy":"category","embeddable":true,"href":"https:\/\/elpajaritonews.com\/index.php?rest_route=%2Fwp%2Fv2%2Fcategories&post=64267"},{"taxonomy":"post_tag","embeddable":true,"href":"https:\/\/elpajaritonews.com\/index.php?rest_route=%2Fwp%2Fv2%2Ftags&post=64267"}],"curies":[{"name":"wp","href":"https:\/\/api.w.org\/{rel}","templated":true}]}}