{"id":64276,"date":"2025-02-18T23:30:40","date_gmt":"2025-02-19T06:30:40","guid":{"rendered":"https:\/\/elpajaritonews.com\/?p=64276"},"modified":"2025-02-18T23:30:41","modified_gmt":"2025-02-19T06:30:41","slug":"impulsa-congreso-de-sonora-educacion-inclusiva-atencion-al-cancer-infantil-y-proteccion-al-periodismo","status":"publish","type":"post","link":"https:\/\/elpajaritonews.com\/?p=64276","title":{"rendered":"IMPULSA CONGRESO DE SONORA EDUCACI\u00d3N INCLUSIVA, ATENCI\u00d3N AL C\u00c1NCER INFANTIL Y PROTECCI\u00d3N AL PERIODISMO"},"content":{"rendered":"\n<p class=\"wp-block-paragraph\">Fortalecer el acceso a una educaci\u00f3n inclusiva y pluriling\u00fce para comunidades ind\u00edgenas y afromexicanas, garantizar atenci\u00f3n integral y oportuna a la ni\u00f1ez con c\u00e1ncer, y consolidar la protecci\u00f3n al periodismo independiente en la entidad fueron los temas centrales de las iniciativas impulsadas por diputadas y diputados del Congreso de Sonora.<\/p>\n\n\n\n<figure class=\"wp-block-embed is-type-video is-provider-youtube wp-block-embed-youtube wp-embed-aspect-4-3 wp-has-aspect-ratio\"><div class=\"wp-block-embed__wrapper\">\n<iframe loading=\"lazy\" title=\"18 de Febrero 2025 - Sesi\u00f3n Ordinaria\" width=\"640\" height=\"480\" src=\"https:\/\/www.youtube.com\/embed\/2PBgIO_QwEU?feature=oembed\" frameborder=\"0\" allow=\"accelerometer; autoplay; clipboard-write; encrypted-media; gyroscope; picture-in-picture; web-share\" referrerpolicy=\"strict-origin-when-cross-origin\" allowfullscreen><\/iframe>\n<\/div><\/figure>\n\n\n\n<p class=\"wp-block-paragraph\">En representaci\u00f3n del Grupo Parlamentario Nueva Alianza Sonora (NAS), el diputado C\u00e9sar Adalberto Salazar L\u00f3pez present\u00f3 ante el Pleno un decreto de reforma y adici\u00f3n a la Ley de Educaci\u00f3n del Estado de Sonora, con el prop\u00f3sito de armonizarla con la Ley General de Educaci\u00f3n.<\/p>\n\n\n\n<p class=\"wp-block-paragraph\">De acuerdo con el dictamen, la reforma busca asegurar la participaci\u00f3n activa de las comunidades ind\u00edgenas y afromexicanas en el \u00e1mbito educativo mediante la promoci\u00f3n de un enfoque intercultural y pluriling\u00fce. Adem\u00e1s, establece la obligaci\u00f3n de realizar consultas a estos grupos, fomenta el uso de sus lenguas y promueve la difusi\u00f3n de su patrimonio cultural.<\/p>\n\n\n\n<p class=\"wp-block-paragraph\">Por su parte, la diputada Gabriela Danitza F\u00e9lix Boj\u00f3rquez, en representaci\u00f3n del Grupo Parlamentario de Movimiento Ciudadano (MC), present\u00f3 la iniciativa de Ley para la Detecci\u00f3n y Tratamiento Oportuno e Integral del C\u00e1ncer en la Infancia y Adolescencia del Estado de Sonora. Esta propuesta busca regular la prevenci\u00f3n, diagn\u00f3stico, tratamiento y seguimiento de esta enfermedad, con el objetivo de reducir la mortalidad y garantizar el derecho a la salud con est\u00e1ndares de calidad y seguridad.<\/p>\n\n\n\n<p class=\"wp-block-paragraph\">Asimismo, el diputado Juan Pablo Arenivar Mart\u00ednez, representante del Partido Acci\u00f3n Nacional (PAN), present\u00f3 ante el Pleno una iniciativa de decreto para reformar la denominaci\u00f3n del T\u00edtulo Noveno y el art\u00edculo 166, adem\u00e1s de adicionar una fracci\u00f3n sexta al art\u00edculo 16 de la Constituci\u00f3n Pol\u00edtica del Estado de Sonora.<\/p>\n\n\n\n<p class=\"wp-block-paragraph\">Dicha iniciativa tiene como finalidad garantizar a las y los sonorenses el derecho a un periodismo independiente, libre y plural, asegurando el acceso a informaci\u00f3n veraz y oportuna. Adem\u00e1s, reconoce al periodismo como una profesi\u00f3n estrat\u00e9gica para el desarrollo democr\u00e1tico, social y cultural de la entidad.<\/p>\n\n\n\n<p class=\"wp-block-paragraph\">Las iniciativas fueron turnadas a las comisiones de Educaci\u00f3n y Cultura, as\u00ed como de Salud, para su an\u00e1lisis y posible dictaminaci\u00f3n.<\/p>\n","protected":false},"excerpt":{"rendered":"<p>Fortalecer el acceso a una educaci\u00f3n inclusiva y pluriling\u00fce para comunidades ind\u00edgenas y afromexicanas, garantizar atenci\u00f3n integral y oportuna a la ni\u00f1ez con c\u00e1ncer, y consolidar la protecci\u00f3n al periodismo independiente en la entidad fueron los temas centrales de las iniciativas impulsadas por diputadas y diputados del Congreso de Sonora. En representaci\u00f3n del Grupo Parlamentario&#8230;<\/p>\n","protected":false},"author":2,"featured_media":64277,"comment_status":"closed","ping_status":"closed","sticky":false,"template":"","format":"standard","meta":{"_crdt_document":"","_exactmetrics_skip_tracking":false,"_exactmetrics_sitenote_active":false,"_exactmetrics_sitenote_note":"","_exactmetrics_sitenote_category":0,"footnotes":""},"categories":[20,80,31,27,69],"tags":[73],"class_list":["post-64276","post","type-post","status-publish","format-standard","has-post-thumbnail","hentry","category-congreso","category-derechos-humanos","category-politica","category-sonora","category-ultimas-noticias","tag-congreso-del-estado-de-sonora"],"_links":{"self":[{"href":"https:\/\/elpajaritonews.com\/index.php?rest_route=\/wp\/v2\/posts\/64276","targetHints":{"allow":["GET"]}}],"collection":[{"href":"https:\/\/elpajaritonews.com\/index.php?rest_route=\/wp\/v2\/posts"}],"about":[{"href":"https:\/\/elpajaritonews.com\/index.php?rest_route=\/wp\/v2\/types\/post"}],"author":[{"embeddable":true,"href":"https:\/\/elpajaritonews.com\/index.php?rest_route=\/wp\/v2\/users\/2"}],"replies":[{"embeddable":true,"href":"https:\/\/elpajaritonews.com\/index.php?rest_route=%2Fwp%2Fv2%2Fcomments&post=64276"}],"version-history":[{"count":1,"href":"https:\/\/elpajaritonews.com\/index.php?rest_route=\/wp\/v2\/posts\/64276\/revisions"}],"predecessor-version":[{"id":64278,"href":"https:\/\/elpajaritonews.com\/index.php?rest_route=\/wp\/v2\/posts\/64276\/revisions\/64278"}],"wp:featuredmedia":[{"embeddable":true,"href":"https:\/\/elpajaritonews.com\/index.php?rest_route=\/wp\/v2\/media\/64277"}],"wp:attachment":[{"href":"https:\/\/elpajaritonews.com\/index.php?rest_route=%2Fwp%2Fv2%2Fmedia&parent=64276"}],"wp:term":[{"taxonomy":"category","embeddable":true,"href":"https:\/\/elpajaritonews.com\/index.php?rest_route=%2Fwp%2Fv2%2Fcategories&post=64276"},{"taxonomy":"post_tag","embeddable":true,"href":"https:\/\/elpajaritonews.com\/index.php?rest_route=%2Fwp%2Fv2%2Ftags&post=64276"}],"curies":[{"name":"wp","href":"https:\/\/api.w.org\/{rel}","templated":true}]}}