{"id":64292,"date":"2025-02-19T16:29:20","date_gmt":"2025-02-19T23:29:20","guid":{"rendered":"https:\/\/elpajaritonews.com\/?p=64292"},"modified":"2025-02-19T16:29:21","modified_gmt":"2025-02-19T23:29:21","slug":"dictamina-comision-de-educacion-del-congreso-de-sonora-reformas-a-las-leyes-de-educacion-y-de-profesiones","status":"publish","type":"post","link":"https:\/\/elpajaritonews.com\/?p=64292","title":{"rendered":"DICTAMINA COMISI\u00d3N DE EDUCACI\u00d3N DEL CONGRESO DE SONORA REFORMAS A LAS LEYES DE EDUCACI\u00d3N Y DE PROFESIONES"},"content":{"rendered":"\n<p class=\"wp-block-paragraph\">Con el prop\u00f3sito de fortalecer la formaci\u00f3n integral de la juventud sonorense mediante su participaci\u00f3n activa en servicios comunitarios y en la concientizaci\u00f3n sobre el cuidado y uso del agua, la Comisi\u00f3n de Educaci\u00f3n y Cultura dictamin\u00f3 iniciativas de reforma a las leyes de Educaci\u00f3n y de Profesiones.<\/p>\n\n\n\n<p class=\"wp-block-paragraph\">El diputado C\u00e9sar Salazar L\u00f3pez (NAS) se\u00f1al\u00f3 que la primera iniciativa establece la figura del Servicio Comunitario Estudiantil, mediante la cual estudiantes de educaci\u00f3n media superior podr\u00e1n acreditar una parte del servicio social a trav\u00e9s de actividades relacionadas con el cuidado del medio ambiente, la salud y la educaci\u00f3n, entre otras \u00e1reas.<\/p>\n\n\n\n<p class=\"wp-block-paragraph\">Asimismo, indic\u00f3 que dichas actividades ser\u00e1n autorizadas y supervisadas por los ayuntamientos respectivos, en coordinaci\u00f3n con la autoridad educativa competente, a trav\u00e9s de un Programa Municipal de Corresponsabilidad Social. Estas labores podr\u00e1n ser realizadas directamente por las y los alumnos con el objetivo de atender una necesidad que afecte a su comunidad o contribuir al mejoramiento de la calidad de vida de sus habitantes.<\/p>\n\n\n\n<p class=\"wp-block-paragraph\">Posteriormente, se someti\u00f3 a consideraci\u00f3n de las y los integrantes de la comisi\u00f3n la segunda propuesta para incluir en los planes y programas de estudio de educaci\u00f3n b\u00e1sica el cuidado y uso responsable del agua. Con esta modificaci\u00f3n, se busca que desde edades tempranas las y los estudiantes adquieran conciencia sobre la importancia de este recurso, promoviendo h\u00e1bitos y pr\u00e1cticas responsables que contribuyan a su conservaci\u00f3n.<\/p>\n\n\n\n<p class=\"wp-block-paragraph\">Ambas iniciativas ser\u00e1n enviadas a la Comisi\u00f3n de R\u00e9gimen y Concertaci\u00f3n Pol\u00edtica (Cricp) para su inclusi\u00f3n en el orden del d\u00eda de una pr\u00f3xima sesi\u00f3n.<\/p>\n\n\n\n<p class=\"wp-block-paragraph\">Estuvieron presentes las diputadas Deni Gast\u00e9lum Barreras (Morena), Mar\u00eda Eduwiges Espinoza Tapia (Morena) y Jazm\u00edn G\u00f3mez Liz\u00e1rraga (PT), as\u00ed como los diputados Pr\u00f3spero Valenzuela Mu\u00f1er (Morena) y Ra\u00fal Gonz\u00e1lez de la Vega.<\/p>\n\n\n\n<figure class=\"wp-block-embed is-type-video is-provider-youtube wp-block-embed-youtube wp-embed-aspect-4-3 wp-has-aspect-ratio\"><div class=\"wp-block-embed__wrapper\">\n<iframe loading=\"lazy\" title=\"19 de Febrero 2025 - Comisi\u00f3n de Educaci\u00f3n y Cultura\" width=\"640\" height=\"480\" src=\"https:\/\/www.youtube.com\/embed\/4L6vzvzaqDc?feature=oembed\" frameborder=\"0\" allow=\"accelerometer; autoplay; clipboard-write; encrypted-media; gyroscope; picture-in-picture; web-share\" referrerpolicy=\"strict-origin-when-cross-origin\" allowfullscreen><\/iframe>\n<\/div><\/figure>\n\n\n\n<p class=\"wp-block-paragraph\">DISCUTE CONGRESO DE SONORA FEN\u00d3MENO DE VIOLENCIA POL\u00cdTICA EN RAZ\u00d3N DE G\u00c9NERO<\/p>\n\n\n\n<p class=\"wp-block-paragraph\">A trav\u00e9s de la Comisi\u00f3n para la Igualdad de G\u00e9nero, el Congreso de Sonora llev\u00f3 a cabo un panel con el prop\u00f3sito de visibilizar y analizar la violencia pol\u00edtica contra las mujeres en raz\u00f3n de g\u00e9nero, destacando su impacto y la necesidad de un marco jur\u00eddico adecuado para su prevenci\u00f3n y sanci\u00f3n.<\/p>\n\n\n\n<figure class=\"wp-block-image size-large\"><img loading=\"lazy\" decoding=\"async\" width=\"1024\" height=\"429\" src=\"https:\/\/elpajaritonews.com\/wp-content\/uploads\/2025\/02\/97b194ab-58c3-4c5f-a20b-cf5e531910e2-1024x429.jpg\" alt=\"\" class=\"wp-image-64293\" srcset=\"https:\/\/elpajaritonews.com\/wp-content\/uploads\/2025\/02\/97b194ab-58c3-4c5f-a20b-cf5e531910e2-1024x429.jpg 1024w, https:\/\/elpajaritonews.com\/wp-content\/uploads\/2025\/02\/97b194ab-58c3-4c5f-a20b-cf5e531910e2-300x126.jpg 300w, https:\/\/elpajaritonews.com\/wp-content\/uploads\/2025\/02\/97b194ab-58c3-4c5f-a20b-cf5e531910e2-768x322.jpg 768w, https:\/\/elpajaritonews.com\/wp-content\/uploads\/2025\/02\/97b194ab-58c3-4c5f-a20b-cf5e531910e2-1536x643.jpg 1536w, https:\/\/elpajaritonews.com\/wp-content\/uploads\/2025\/02\/97b194ab-58c3-4c5f-a20b-cf5e531910e2.jpg 1600w\" sizes=\"auto, (max-width: 1024px) 100vw, 1024px\" \/><\/figure>\n\n\n\n<p class=\"wp-block-paragraph\">Ante legisladoras y legisladores de la 64 Legislatura, autoridades en materia electoral, representantes de colectivos de mujeres, litigantes, estudiantes y p\u00fablico en general, la diputada Mar\u00eda Alicia Gayt\u00e1n S\u00e1nchez (Morena) dio la bienvenida a las y los asistentes al panel \u201cAtenci\u00f3n de la Violencia Pol\u00edtica contra las Mujeres en Raz\u00f3n de G\u00e9nero\u201d, enfatizando la importancia de nombrar y reconocer estos fen\u00f3menos para evitar su normalizaci\u00f3n y combatir la impunidad.<\/p>\n\n\n\n<p class=\"wp-block-paragraph\">El evento, moderado por la consejera electoral Alma Lorena Alonso Valdivia, cont\u00f3 con la participaci\u00f3n de Mireya Scarone Adarga, asesora del Instituto Nacional Electoral (INE), quien present\u00f3 un folleto elaborado por la instituci\u00f3n que documenta la atenci\u00f3n de estos casos durante el Proceso Electoral Federal 2023-2024.<\/p>\n\n\n\n<p class=\"wp-block-paragraph\">La publicaci\u00f3n, desarrollada por la Unidad T\u00e9cnica de lo Contencioso Electoral (UTCE), expone el marco normativo, los hallazgos sobre las quejas recibidas y el funcionamiento del Registro Nacional de Personas Sancionadas, con el objetivo de fortalecer el acceso a la justicia y generar conciencia sobre este problema.<\/p>\n\n\n\n<p class=\"wp-block-paragraph\">Por su parte, Fernanda Romo Gaxiola, directora de Procedimientos de Remoci\u00f3n de Consejeros de los Organismos P\u00fablicos Locales Electorales (OPL) y de Violencia Pol\u00edtica contra las Mujeres en Raz\u00f3n de G\u00e9nero de la Unidad de lo Contencioso Electoral del INE, explic\u00f3 el proceso especial sancionador en materia federal, un mecanismo \u00e1gil dise\u00f1ado para atender denuncias en materia electoral.<\/p>\n\n\n\n<p class=\"wp-block-paragraph\">Durante su intervenci\u00f3n, detall\u00f3 los tipos de violencia pol\u00edtica, las entidades responsables de cometerla y algunas conductas sancionadas, como la divulgaci\u00f3n de informaci\u00f3n falsa, amenazas y obst\u00e1culos al acceso a la justicia. Asimismo, destac\u00f3 los mecanismos del INE para prevenir, atender y sancionar estos actos.<\/p>\n\n\n\n<p class=\"wp-block-paragraph\">En la etapa de preguntas y respuestas, se destac\u00f3 la importancia de crear programas de divulgaci\u00f3n que informen y sensibilicen a la ciudadan\u00eda sobre los temas abordados, garantizando as\u00ed una mayor comprensi\u00f3n y participaci\u00f3n. Asimismo, se subray\u00f3 la necesidad de avanzar en la legislaci\u00f3n sobre el uso de plataformas digitales y redes sociales, estableciendo regulaciones claras que prevengan abusos, protejan derechos y fomenten un entorno digital m\u00e1s seguro y equitativo.<\/p>\n","protected":false},"excerpt":{"rendered":"<p>Con el prop\u00f3sito de fortalecer la formaci\u00f3n integral de la juventud sonorense mediante su participaci\u00f3n activa en servicios comunitarios y en la concientizaci\u00f3n sobre el cuidado y uso del agua, la Comisi\u00f3n de Educaci\u00f3n y Cultura dictamin\u00f3 iniciativas de reforma a las leyes de Educaci\u00f3n y de Profesiones. El diputado C\u00e9sar Salazar L\u00f3pez (NAS) se\u00f1al\u00f3&#8230;<\/p>\n","protected":false},"author":2,"featured_media":64294,"comment_status":"closed","ping_status":"closed","sticky":false,"template":"","format":"standard","meta":{"_crdt_document":"","_exactmetrics_skip_tracking":false,"_exactmetrics_sitenote_active":false,"_exactmetrics_sitenote_note":"","_exactmetrics_sitenote_category":0,"footnotes":""},"categories":[20,80,33,31,27,69],"tags":[73],"class_list":["post-64292","post","type-post","status-publish","format-standard","has-post-thumbnail","hentry","category-congreso","category-derechos-humanos","category-educacion","category-politica","category-sonora","category-ultimas-noticias","tag-congreso-del-estado-de-sonora"],"_links":{"self":[{"href":"https:\/\/elpajaritonews.com\/index.php?rest_route=\/wp\/v2\/posts\/64292","targetHints":{"allow":["GET"]}}],"collection":[{"href":"https:\/\/elpajaritonews.com\/index.php?rest_route=\/wp\/v2\/posts"}],"about":[{"href":"https:\/\/elpajaritonews.com\/index.php?rest_route=\/wp\/v2\/types\/post"}],"author":[{"embeddable":true,"href":"https:\/\/elpajaritonews.com\/index.php?rest_route=\/wp\/v2\/users\/2"}],"replies":[{"embeddable":true,"href":"https:\/\/elpajaritonews.com\/index.php?rest_route=%2Fwp%2Fv2%2Fcomments&post=64292"}],"version-history":[{"count":1,"href":"https:\/\/elpajaritonews.com\/index.php?rest_route=\/wp\/v2\/posts\/64292\/revisions"}],"predecessor-version":[{"id":64295,"href":"https:\/\/elpajaritonews.com\/index.php?rest_route=\/wp\/v2\/posts\/64292\/revisions\/64295"}],"wp:featuredmedia":[{"embeddable":true,"href":"https:\/\/elpajaritonews.com\/index.php?rest_route=\/wp\/v2\/media\/64294"}],"wp:attachment":[{"href":"https:\/\/elpajaritonews.com\/index.php?rest_route=%2Fwp%2Fv2%2Fmedia&parent=64292"}],"wp:term":[{"taxonomy":"category","embeddable":true,"href":"https:\/\/elpajaritonews.com\/index.php?rest_route=%2Fwp%2Fv2%2Fcategories&post=64292"},{"taxonomy":"post_tag","embeddable":true,"href":"https:\/\/elpajaritonews.com\/index.php?rest_route=%2Fwp%2Fv2%2Ftags&post=64292"}],"curies":[{"name":"wp","href":"https:\/\/api.w.org\/{rel}","templated":true}]}}