{"id":64296,"date":"2025-02-19T19:19:35","date_gmt":"2025-02-20T02:19:35","guid":{"rendered":"https:\/\/elpajaritonews.com\/?p=64296"},"modified":"2025-02-19T19:19:37","modified_gmt":"2025-02-20T02:19:37","slug":"estados-unidos-designa-a-carteles-mexicanos-como-organizaciones-terroristas","status":"publish","type":"post","link":"https:\/\/elpajaritonews.com\/?p=64296","title":{"rendered":"ESTADOS UNIDOS DESIGNA A C\u00c1RTELES MEXICANOS COMO ORGANIZACIONES TERRORISTAS"},"content":{"rendered":"\n<p class=\"wp-block-paragraph\">Despu\u00e9s de asumir el cargo, Trump tambi\u00e9n orden\u00f3 a funcionarios de alto rango que tomaran medidas para prepararse para invocar una ley de 1798 en tiempos de guerra que podr\u00eda permitirle deportar a presuntos miembros de pandillas sin audiencias judiciales.<\/p>\n\n\n\n<p class=\"wp-block-paragraph\">El Departamento de Estado de Estados Unidos anunci\u00f3 la designaci\u00f3n de seis c\u00e1rteles mexicanos de la droga como organizaciones terroristas trasnacionales.<\/p>\n\n\n\n<p class=\"wp-block-paragraph\">Se trata del c\u00e1rtel de Sinaloa, c\u00e1rtel Jalisco Nueva Generaci\u00f3n (CJNG), c\u00e1rteles Unidos, c\u00e1rtel del Noreste, c\u00e1rtel del Golfo y a la nueva Familia Michoacana.<\/p>\n\n\n\n<p class=\"wp-block-paragraph\">El aviso del Departamento de Estado estadunidense dijo que los grupos representan un riesgo para la seguridad nacional, la pol\u00edtica exterior y los intereses econ\u00f3micos de Estados Unidos.<\/p>\n\n\n\n<p class=\"wp-block-paragraph\">El presidente, Donald Trump, emiti\u00f3 un decreto despu\u00e9s de asumir el cargo el 20 de enero que ped\u00eda a los funcionarios evaluar si alg\u00fan c\u00e1rtel criminal o pandilla trasnacional deber\u00eda ser designado como grupo terrorista. Durante la presidencia de Trump de 2017 a 2021, consider\u00f3 tales designaciones, pero finalmente archiv\u00f3 los planes.<\/p>\n\n\n\n<p class=\"wp-block-paragraph\">Despu\u00e9s de asumir el cargo, Trump tambi\u00e9n orden\u00f3 a funcionarios de alto rango que tomaran medidas para prepararse para invocar una ley de 1798 en tiempos de guerra que podr\u00eda permitirle deportar a presuntos miembros de pandillas sin audiencias judiciales.<\/p>\n\n\n\n<p class=\"wp-block-paragraph\">La designaci\u00f3n entrar\u00e1 en vigor el jueves, tras ser publicada en el Registro Federal de Estados Unidos.<\/p>\n","protected":false},"excerpt":{"rendered":"<p>Despu\u00e9s de asumir el cargo, Trump tambi\u00e9n orden\u00f3 a funcionarios de alto rango que tomaran medidas para prepararse para invocar una ley de 1798 en tiempos de guerra que podr\u00eda permitirle deportar a presuntos miembros de pandillas sin audiencias judiciales. El Departamento de Estado de Estados Unidos anunci\u00f3 la designaci\u00f3n de seis c\u00e1rteles mexicanos de&#8230;<\/p>\n","protected":false},"author":2,"featured_media":64297,"comment_status":"closed","ping_status":"closed","sticky":false,"template":"","format":"standard","meta":{"_crdt_document":"","_exactmetrics_skip_tracking":false,"_exactmetrics_sitenote_active":false,"_exactmetrics_sitenote_note":"","_exactmetrics_sitenote_category":0,"footnotes":""},"categories":[17,80,88,23,38,31,1,69],"tags":[71,72,28,75,93],"class_list":["post-64296","post","type-post","status-publish","format-standard","has-post-thumbnail","hentry","category-arizona","category-derechos-humanos","category-justicia","category-mexico","category-migracion","category-politica","category-seguridad","category-ultimas-noticias","tag-alfonso-durazo","tag-claudia-sheinbaum","tag-nogales","tag-seguridad-publica","tag-trump"],"_links":{"self":[{"href":"https:\/\/elpajaritonews.com\/index.php?rest_route=\/wp\/v2\/posts\/64296","targetHints":{"allow":["GET"]}}],"collection":[{"href":"https:\/\/elpajaritonews.com\/index.php?rest_route=\/wp\/v2\/posts"}],"about":[{"href":"https:\/\/elpajaritonews.com\/index.php?rest_route=\/wp\/v2\/types\/post"}],"author":[{"embeddable":true,"href":"https:\/\/elpajaritonews.com\/index.php?rest_route=\/wp\/v2\/users\/2"}],"replies":[{"embeddable":true,"href":"https:\/\/elpajaritonews.com\/index.php?rest_route=%2Fwp%2Fv2%2Fcomments&post=64296"}],"version-history":[{"count":1,"href":"https:\/\/elpajaritonews.com\/index.php?rest_route=\/wp\/v2\/posts\/64296\/revisions"}],"predecessor-version":[{"id":64298,"href":"https:\/\/elpajaritonews.com\/index.php?rest_route=\/wp\/v2\/posts\/64296\/revisions\/64298"}],"wp:featuredmedia":[{"embeddable":true,"href":"https:\/\/elpajaritonews.com\/index.php?rest_route=\/wp\/v2\/media\/64297"}],"wp:attachment":[{"href":"https:\/\/elpajaritonews.com\/index.php?rest_route=%2Fwp%2Fv2%2Fmedia&parent=64296"}],"wp:term":[{"taxonomy":"category","embeddable":true,"href":"https:\/\/elpajaritonews.com\/index.php?rest_route=%2Fwp%2Fv2%2Fcategories&post=64296"},{"taxonomy":"post_tag","embeddable":true,"href":"https:\/\/elpajaritonews.com\/index.php?rest_route=%2Fwp%2Fv2%2Ftags&post=64296"}],"curies":[{"name":"wp","href":"https:\/\/api.w.org\/{rel}","templated":true}]}}