{"id":64353,"date":"2025-02-25T15:58:34","date_gmt":"2025-02-25T22:58:34","guid":{"rendered":"https:\/\/elpajaritonews.com\/?p=64353"},"modified":"2025-02-25T15:58:35","modified_gmt":"2025-02-25T22:58:35","slug":"aprueba-congreso-de-sonora-reformas-para-fortalecer-el-servicio-social-estudiantil-y-la-corresponsabilidad-social","status":"publish","type":"post","link":"https:\/\/elpajaritonews.com\/?p=64353","title":{"rendered":"APRUEBA CONGRESO DE SONORA REFORMAS PARA FORTALECER EL SERVICIO SOCIAL ESTUDIANTIL Y LA CORRESPONSABILIDAD SOCIAL"},"content":{"rendered":"\n<p class=\"wp-block-paragraph\">El Congreso del Estado aprob\u00f3 reformas para crear una nueva modalidad de servicio social en el que las y los estudiantes podr\u00e1n trabajar a favor de sus comunidades. Asimismo, turn\u00f3 a comisiones iniciativas en materia de salud, parlamento abierto y la creaci\u00f3n de un sistema integral de cuidados.<\/p>\n\n\n\n<p class=\"wp-block-paragraph\">El diputado C\u00e9sar Adalberto Salazar L\u00f3pez, presidente de la Comisi\u00f3n de Educaci\u00f3n y Cultura, present\u00f3 ante el Pleno el decreto que reforma la Ley de Educaci\u00f3n y la Ley de Profesiones del Estado de Sonora, con el prop\u00f3sito de fortalecer la formaci\u00f3n de las y los estudiantes de educaci\u00f3n media superior mediante el cumplimiento de su servicio social a trav\u00e9s de servicios comunitarios supervisados por los ayuntamientos y la autoridad educativa.<\/p>\n\n\n\n<figure class=\"wp-block-embed is-type-video is-provider-youtube wp-block-embed-youtube wp-embed-aspect-16-9 wp-has-aspect-ratio\"><div class=\"wp-block-embed__wrapper\">\n<iframe loading=\"lazy\" title=\"25 de Febrero 2025 - Sesi\u00f3n Ordinaria\" width=\"640\" height=\"360\" src=\"https:\/\/www.youtube.com\/embed\/0cNJoT5B1o4?feature=oembed\" frameborder=\"0\" allow=\"accelerometer; autoplay; clipboard-write; encrypted-media; gyroscope; picture-in-picture; web-share\" referrerpolicy=\"strict-origin-when-cross-origin\" allowfullscreen><\/iframe>\n<\/div><\/figure>\n\n\n\n<p class=\"wp-block-paragraph\">Dicho servicio se llevar\u00e1 a cabo dentro de un programa municipal de corresponsabilidad social, en el que las y los j\u00f3venes podr\u00e1n atender necesidades locales y contribuir a mejorar la calidad de vida en sus comunidades. Entre las \u00e1reas de participaci\u00f3n se incluyen cuidado del medio ambiente, fortalecimiento del sector salud, apoyo educativo, asistencia a grupos vulnerables, desarrollo social y mejoramiento de infraestructura municipal.<\/p>\n\n\n\n<p class=\"wp-block-paragraph\">Posteriormente, la diputada Azalia Guevara Espinoza (PVEM) present\u00f3 la iniciativa de reforma y adici\u00f3n a la Ley de Salud y la Ley de Salud Mental, ambas del estado de Sonora, con la intenci\u00f3n de establecer un marco jur\u00eddico para la protecci\u00f3n de la salud mental perinatal relacionado con la depresi\u00f3n antes y despu\u00e9s del parto La propuesta contempla la implementaci\u00f3n de un programa integral, capacitaci\u00f3n de prestadores de servicios y creaci\u00f3n de protocolos para garantizar el bienestar emocional de la mujer y su familia.<\/p>\n\n\n\n<p class=\"wp-block-paragraph\">Por su parte, la diputada Gabriela Danitza F\u00e9lix Boj\u00f3rquez, en representaci\u00f3n del Grupo Parlamentario de Movimiento Ciudadano (MC), present\u00f3 la iniciativa con proyecto de decreto que reforma diversas disposiciones de la Ley Org\u00e1nica del Poder Legislativo del Estado de Sonora. La propuesta busca dar viabilidad jur\u00eddica a la Comisi\u00f3n de Parlamento Abierto y Procedencia Legislativa, con el fin de fortalecer la participaci\u00f3n ciudadana plural y democr\u00e1tica, respetando la autonom\u00eda del Poder Legislativo.<\/p>\n\n\n\n<p class=\"wp-block-paragraph\">Asimismo, la diputada Alejandra L\u00f3pez Noriega present\u00f3 la iniciativa con proyecto de Ley del Sistema Integral de Cuidados para el Estado de Sonora, la cual plantea el reconocimiento de las personas cuidadoras, la creaci\u00f3n de un registro para la valoraci\u00f3n de personas con discapacidad, el establecimiento de un programa estatal para reorganizar los cuidados en la entidad, la realizaci\u00f3n de diagn\u00f3sticos constantes y la adopci\u00f3n de medidas para garantizar derechos y formular pol\u00edticas p\u00fablicas que promuevan un cuidado digno.<\/p>\n\n\n\n<p class=\"wp-block-paragraph\">Las iniciativas fueron turnadas a las Comisiones de Salud; Gobernaci\u00f3n y Puntos Constitucionales; y Atenci\u00f3n a Grupos Vulnerables para su estudio, an\u00e1lisis y, en su caso, dictaminaci\u00f3n.<\/p>\n","protected":false},"excerpt":{"rendered":"<p>El Congreso del Estado aprob\u00f3 reformas para crear una nueva modalidad de servicio social en el que las y los estudiantes podr\u00e1n trabajar a favor de sus comunidades. Asimismo, turn\u00f3 a comisiones iniciativas en materia de salud, parlamento abierto y la creaci\u00f3n de un sistema integral de cuidados. El diputado C\u00e9sar Adalberto Salazar L\u00f3pez, presidente&#8230;<\/p>\n","protected":false},"author":2,"featured_media":64354,"comment_status":"closed","ping_status":"closed","sticky":false,"template":"","format":"standard","meta":{"_crdt_document":"","_exactmetrics_skip_tracking":false,"_exactmetrics_sitenote_active":false,"_exactmetrics_sitenote_note":"","_exactmetrics_sitenote_category":0,"footnotes":""},"categories":[20,26,31,27,69,65],"tags":[73],"class_list":["post-64353","post","type-post","status-publish","format-standard","has-post-thumbnail","hentry","category-congreso","category-local","category-politica","category-sonora","category-ultimas-noticias","category-videos","tag-congreso-del-estado-de-sonora"],"_links":{"self":[{"href":"https:\/\/elpajaritonews.com\/index.php?rest_route=\/wp\/v2\/posts\/64353","targetHints":{"allow":["GET"]}}],"collection":[{"href":"https:\/\/elpajaritonews.com\/index.php?rest_route=\/wp\/v2\/posts"}],"about":[{"href":"https:\/\/elpajaritonews.com\/index.php?rest_route=\/wp\/v2\/types\/post"}],"author":[{"embeddable":true,"href":"https:\/\/elpajaritonews.com\/index.php?rest_route=\/wp\/v2\/users\/2"}],"replies":[{"embeddable":true,"href":"https:\/\/elpajaritonews.com\/index.php?rest_route=%2Fwp%2Fv2%2Fcomments&post=64353"}],"version-history":[{"count":1,"href":"https:\/\/elpajaritonews.com\/index.php?rest_route=\/wp\/v2\/posts\/64353\/revisions"}],"predecessor-version":[{"id":64355,"href":"https:\/\/elpajaritonews.com\/index.php?rest_route=\/wp\/v2\/posts\/64353\/revisions\/64355"}],"wp:featuredmedia":[{"embeddable":true,"href":"https:\/\/elpajaritonews.com\/index.php?rest_route=\/wp\/v2\/media\/64354"}],"wp:attachment":[{"href":"https:\/\/elpajaritonews.com\/index.php?rest_route=%2Fwp%2Fv2%2Fmedia&parent=64353"}],"wp:term":[{"taxonomy":"category","embeddable":true,"href":"https:\/\/elpajaritonews.com\/index.php?rest_route=%2Fwp%2Fv2%2Fcategories&post=64353"},{"taxonomy":"post_tag","embeddable":true,"href":"https:\/\/elpajaritonews.com\/index.php?rest_route=%2Fwp%2Fv2%2Ftags&post=64353"}],"curies":[{"name":"wp","href":"https:\/\/api.w.org\/{rel}","templated":true}]}}