{"id":64401,"date":"2025-02-27T15:01:53","date_gmt":"2025-02-27T22:01:53","guid":{"rendered":"https:\/\/elpajaritonews.com\/?p=64401"},"modified":"2025-02-27T15:01:54","modified_gmt":"2025-02-27T22:01:54","slug":"aprueba-congreso-de-sonora-reforma-educativa-sobre-la-cultura-del-cuidado-del-agua","status":"publish","type":"post","link":"https:\/\/elpajaritonews.com\/?p=64401","title":{"rendered":"APRUEBA CONGRESO DE SONORA REFORMA EDUCATIVA SOBRE LA CULTURA DEL CUIDADO DEL AGUA"},"content":{"rendered":"\n<p class=\"wp-block-paragraph\">En sesi\u00f3n ordinaria, el Pleno del Congreso de Sonora aprob\u00f3 una reforma a la Ley de Educaci\u00f3n del Estado con la que se establece la ense\u00f1anza a ni\u00f1as, ni\u00f1os y adolescentes sobre la cultura del cuidado y el uso responsable del agua. Asimismo, se turnaron a comisiones dos iniciativas y un exhorto, y se present\u00f3 un posicionamiento en materia de seguridad p\u00fablica.<\/p>\n\n\n\n<figure class=\"wp-block-embed is-type-video is-provider-youtube wp-block-embed-youtube wp-embed-aspect-4-3 wp-has-aspect-ratio\"><div class=\"wp-block-embed__wrapper\">\n<iframe loading=\"lazy\" title=\"27 de Febrero 2025 - Sesi\u00f3n Ordinaria\" width=\"640\" height=\"480\" src=\"https:\/\/www.youtube.com\/embed\/pg-9c0KKFoI?feature=oembed\" frameborder=\"0\" allow=\"accelerometer; autoplay; clipboard-write; encrypted-media; gyroscope; picture-in-picture; web-share\" referrerpolicy=\"strict-origin-when-cross-origin\" allowfullscreen><\/iframe>\n<\/div><\/figure>\n\n\n\n<p class=\"wp-block-paragraph\">El diputado C\u00e9sar Adalberto Salazar L\u00f3pez (NAS), presidente de la Comisi\u00f3n de Educaci\u00f3n y Cultura, dio lectura al dictamen que contiene el decreto de reforma y adici\u00f3n a la Ley de Educaci\u00f3n del Estado de Sonora, en el que se establece la incorporaci\u00f3n de contenidos claros en el curr\u00edculo escolar para fomentar el cuidado y el uso responsable del agua entre estudiantes de la entidad.<\/p>\n\n\n\n<p class=\"wp-block-paragraph\">Posteriormente, el diputado David Figueroa Ortega (PVEM) present\u00f3 ante el Pleno un acuerdo para exhortar al alcalde de Hermosillo, Antonio Astiazar\u00e1n Guti\u00e9rrez, a dialogar con vecinos del fraccionamiento Raquet Club de esta ciudad a fin de resolver la instalaci\u00f3n no autorizada de accesos controlados.<\/p>\n\n\n\n<p class=\"wp-block-paragraph\">Por su parte, el diputado H\u00e9ctor Ra\u00fal Castelo Monta\u00f1o (Morena) present\u00f3 una iniciativa con proyecto de decreto que modifica la fracci\u00f3n XVI del art\u00edculo 65 de la Ley de Gobierno y Administraci\u00f3n Municipal del Estado de Sonora, con el prop\u00f3sito de establecer la Constancia de Notorio Arraigo como requisito para el registro de asociaciones religiosas en la entidad, en concordancia con la Ley de Asociaciones Religiosas y su reglamento.<\/p>\n\n\n\n<p class=\"wp-block-paragraph\">El diputado Rub\u00e9n Refugio Gonz\u00e1lez Aguayo (PT) propuso, a trav\u00e9s de un decreto de reforma a la Ley Org\u00e1nica del Poder Ejecutivo y al C\u00f3digo Fiscal del Estado de Sonora, facultar al Ejecutivo para declarar emergencias econ\u00f3micas, sanitarias o de seguridad p\u00fablica. Dicha reforma permitir\u00eda otorgar est\u00edmulos fiscales, pr\u00f3rrogas tributarias y ajustes presupuestales para mitigar las crisis y proteger la econom\u00eda estatal.<\/p>\n\n\n\n<p class=\"wp-block-paragraph\">A nombre del Grupo Parlamentario de Movimiento Ciudadano, el diputado Jes\u00fas Manuel Scott S\u00e1nchez present\u00f3 un acuerdo con el prop\u00f3sito de exhortar al titular del Instituto de Movilidad y Transporte del Estado de Sonora (Imtes), Carlos Sosa Casta\u00f1eda, a gestionar la gratuidad del transporte p\u00fablico para estudiantes y destinar recursos que mejoren la infraestructura de las unidades.<\/p>\n\n\n\n<p class=\"wp-block-paragraph\">Las iniciativas presentadas fueron turnadas por la presidencia de la Mesa Directiva a las comisiones de Presupuesto y Asuntos Municipales, y de Hacienda; mientras que el exhorto relacionado con el transporte fue enviado a la Comisi\u00f3n de Movilidad y Seguridad Vial para su an\u00e1lisis y, en su caso, dictaminaci\u00f3n.<\/p>\n\n\n\n<p class=\"wp-block-paragraph\">En su posicionamiento en materia de seguridad p\u00fablica, el diputado Emeterio Ochoa Baz\u00faa (PRI) exhort\u00f3 a las autoridades estatales a garantizar una pronta y adecuada designaci\u00f3n del nuevo titular de la Comisi\u00f3n de B\u00fasqueda de Personas en Sonora, con transparencia e idoneidad.<\/p>\n","protected":false},"excerpt":{"rendered":"<p>En sesi\u00f3n ordinaria, el Pleno del Congreso de Sonora aprob\u00f3 una reforma a la Ley de Educaci\u00f3n del Estado con la que se establece la ense\u00f1anza a ni\u00f1as, ni\u00f1os y adolescentes sobre la cultura del cuidado y el uso responsable del agua. Asimismo, se turnaron a comisiones dos iniciativas y un exhorto, y se present\u00f3&#8230;<\/p>\n","protected":false},"author":2,"featured_media":64402,"comment_status":"closed","ping_status":"closed","sticky":false,"template":"","format":"standard","meta":{"_crdt_document":"","_exactmetrics_skip_tracking":false,"_exactmetrics_sitenote_active":false,"_exactmetrics_sitenote_note":"","_exactmetrics_sitenote_category":0,"footnotes":""},"categories":[20,80,26,37,31,27,69],"tags":[73],"class_list":["post-64401","post","type-post","status-publish","format-standard","has-post-thumbnail","hentry","category-congreso","category-derechos-humanos","category-local","category-medio-ambiente","category-politica","category-sonora","category-ultimas-noticias","tag-congreso-del-estado-de-sonora"],"_links":{"self":[{"href":"https:\/\/elpajaritonews.com\/index.php?rest_route=\/wp\/v2\/posts\/64401","targetHints":{"allow":["GET"]}}],"collection":[{"href":"https:\/\/elpajaritonews.com\/index.php?rest_route=\/wp\/v2\/posts"}],"about":[{"href":"https:\/\/elpajaritonews.com\/index.php?rest_route=\/wp\/v2\/types\/post"}],"author":[{"embeddable":true,"href":"https:\/\/elpajaritonews.com\/index.php?rest_route=\/wp\/v2\/users\/2"}],"replies":[{"embeddable":true,"href":"https:\/\/elpajaritonews.com\/index.php?rest_route=%2Fwp%2Fv2%2Fcomments&post=64401"}],"version-history":[{"count":1,"href":"https:\/\/elpajaritonews.com\/index.php?rest_route=\/wp\/v2\/posts\/64401\/revisions"}],"predecessor-version":[{"id":64403,"href":"https:\/\/elpajaritonews.com\/index.php?rest_route=\/wp\/v2\/posts\/64401\/revisions\/64403"}],"wp:featuredmedia":[{"embeddable":true,"href":"https:\/\/elpajaritonews.com\/index.php?rest_route=\/wp\/v2\/media\/64402"}],"wp:attachment":[{"href":"https:\/\/elpajaritonews.com\/index.php?rest_route=%2Fwp%2Fv2%2Fmedia&parent=64401"}],"wp:term":[{"taxonomy":"category","embeddable":true,"href":"https:\/\/elpajaritonews.com\/index.php?rest_route=%2Fwp%2Fv2%2Fcategories&post=64401"},{"taxonomy":"post_tag","embeddable":true,"href":"https:\/\/elpajaritonews.com\/index.php?rest_route=%2Fwp%2Fv2%2Ftags&post=64401"}],"curies":[{"name":"wp","href":"https:\/\/api.w.org\/{rel}","templated":true}]}}