{"id":64456,"date":"2025-03-02T16:39:04","date_gmt":"2025-03-02T23:39:04","guid":{"rendered":"https:\/\/elpajaritonews.com\/?p=64456"},"modified":"2025-03-02T16:39:05","modified_gmt":"2025-03-02T23:39:05","slug":"presidenta-sheinbaum-da-banderazo-de-salida-a-la-construccion-de-13-mil-250-viviendas-en-colima","status":"publish","type":"post","link":"https:\/\/elpajaritonews.com\/?p=64456","title":{"rendered":"PRESIDENTA SHEINBAUM DA BANDERAZO DE SALIDA A LA CONSTRUCCI\u00d3N DE 13 MIL 250 VIVIENDAS EN COLIMA"},"content":{"rendered":"\n<p class=\"wp-block-paragraph\">\u201cLa corrupci\u00f3n se acab\u00f3 y ahora el trabajador va a tener su vivienda, porque vamos a construir un mill\u00f3n de viviendas en todo el pa\u00eds\u201d, destac\u00f3<\/p>\n\n\n\n<p class=\"wp-block-paragraph\">En Colima, Infonavit construir\u00e1 7 mil 250 viviendas, comenzando con mil 600; mientras que Conavi har\u00e1 6 mil, arrancando con 700 en Coquimatl\u00e1n; 100 en Tecom\u00e1n y 111 en Manzanillo<\/p>\n\n\n\n<p class=\"wp-block-paragraph\">Se impulsar\u00e1n proyectos estrat\u00e9gicos en el estado como la modernizaci\u00f3n del Puerto de Manzanillo y la repavimentaci\u00f3n de calles<\/p>\n\n\n\n<figure class=\"wp-block-embed is-type-video is-provider-youtube wp-block-embed-youtube wp-embed-aspect-4-3 wp-has-aspect-ratio\"><div class=\"wp-block-embed__wrapper\">\n<iframe loading=\"lazy\" title=\"Programas para el Bienestar. Cuauht\u00e9moc, Colima\" width=\"640\" height=\"480\" src=\"https:\/\/www.youtube.com\/embed\/qv-Dvx-Dx6s?feature=oembed\" frameborder=\"0\" allow=\"accelerometer; autoplay; clipboard-write; encrypted-media; gyroscope; picture-in-picture; web-share\" referrerpolicy=\"strict-origin-when-cross-origin\" allowfullscreen><\/iframe>\n<\/div><\/figure>\n\n\n\n<p class=\"wp-block-paragraph\">Desde Manzanillo, Colima, la Presidenta de M\u00e9xico, Claudia Sheinbaum Pardo, dio el banderazo de salida para la construcci\u00f3n de 13 mil 250 viviendas en este estado, como parte del Programa Nacional de Vivienda para el Bienestar.<\/p>\n\n\n\n<p class=\"wp-block-paragraph\">\u201cLa corrupci\u00f3n se acab\u00f3 y ahora el trabajador va a tener su vivienda, porque vamos a construir un mill\u00f3n de viviendas en todo el pa\u00eds cerca de los centros urbanos, que sea accesible para el que menos tiene. Eso es lo que venimos a anunciar el d\u00eda de hoy a Colima, aqu\u00ed a Manzanillo\u00bb.<\/p>\n\n\n\n<p class=\"wp-block-paragraph\">\u201cDe eso se trata el anuncio que estamos haciendo hoy. Hoy inicia el programa de construcci\u00f3n de vivienda aqu\u00ed en Manzanillo y vamos a seguir en todo el pa\u00eds\u201d, destac\u00f3.<\/p>\n\n\n\n<p class=\"wp-block-paragraph\">La Jefa del Ejecutivo Federal destac\u00f3 que estas viviendas tendr\u00e1n \u00e1reas verdes y tendr\u00e1n precios accesibles, adem\u00e1s de que en Manzanillo no afectar\u00e1n a espacios p\u00fablicos como la Unidad Deportiva, donde anunci\u00f3 que ser\u00e1n construidas tres nuevas canchas. Inform\u00f3 que el Gobierno de M\u00e9xico impulsar\u00e1 proyectos estrat\u00e9gicos en coordinaci\u00f3n con la administraci\u00f3n estatal como la ampliaci\u00f3n del Puerto de Manzanillo y la repavimentaci\u00f3n de calles.<\/p>\n\n\n\n<p class=\"wp-block-paragraph\">\u201cVamos a hacer varias obras viales, ya saben que en Manzanillo se va a ampliar el puerto, y va a beneficiar tambi\u00e9n a todo Manzanillo, porque vamos a hacer varias obras de mejora para Manzanillo con la modernizaci\u00f3n de puerto y la ampliaci\u00f3n del puerto de Manzanillo\u201d, inform\u00f3.<\/p>\n\n\n\n<p class=\"wp-block-paragraph\">A estas acciones, a\u00f1adi\u00f3 la continuidad de los Programas para el Bienestar, que incluyen tres apoyos nuevos: la Pensi\u00f3n Mujeres Bienestar para mujeres de 60 a 64 a\u00f1os, que en 2025 apoya a mujeres de 63 y 64 a\u00f1os; la beca \u201cRita Cetina Guti\u00e9rrez\u201d, que inicia este a\u00f1o con estudiantes de secundaria; y el programa Salud Casa por Casa para adultos mayores y personas con discapacidad.<\/p>\n\n\n\n<p class=\"wp-block-paragraph\">Record\u00f3 que el pr\u00f3ximo 1 de junio, \u201cD\u00eda de la democracia\u201d, las y los mexicanos tendr\u00e1n la oportunidad, por primera vez, de elegir a juezas, jueces, magistradas, magistrados, ministras y ministros del Poder Judicial, como parte de la Cuarta Transformaci\u00f3n de la vida p\u00fablica de M\u00e9xico.<\/p>\n\n\n\n<p class=\"wp-block-paragraph\">\u201cSolo el pueblo puede salvar al Poder Judicial, solo votando entre todos vamos a hacer un Poder Judicial honesto, que est\u00e9 al servicio del pueblo y de la naci\u00f3n, por eso decimos: con el pueblo todo, sin el pueblo nada\u201d, se\u00f1al\u00f3.<\/p>\n\n\n\n<p class=\"wp-block-paragraph\">La secretaria de Desarrollo Agrario, Territorial y Urbano, Edna Elena Vega Rangel, destac\u00f3 que las unidades donde estar\u00e1n construidas las viviendas tendr\u00e1n al menos 40 por ciento de espacios abiertos.<\/p>\n\n\n\n<p class=\"wp-block-paragraph\">\u201cUna de las condiciones que pusimos es que no se tiren \u00e1rboles, que se cuiden estos espacios comunes, la idea es que el 40 por ciento de todas las unidades sean espacios libres, abiertos y no solo eso, sino que se construya equipamiento y esa es condici\u00f3n indispensable\u201d, detall\u00f3.<\/p>\n\n\n\n<p class=\"wp-block-paragraph\">El director del Instituto del Fondo Nacional de Vivienda para los Trabajadores (Infonavit), Octavio Romero Oropeza, inform\u00f3 que la meta es construir 7 mil 250 viviendas en Colima y ya cuentan con tres reservas territoriales que suman 11.2 hect\u00e1reas para este programa, de las cuales dos est\u00e1n ubicadas en Manzanillo y una en Coquimatl\u00e1n.<\/p>\n\n\n\n<p class=\"wp-block-paragraph\">Agreg\u00f3 que actualmente se realizan los estudios topogr\u00e1ficos para construir las primeras mil 600 casas.<\/p>\n\n\n\n<p class=\"wp-block-paragraph\">Explic\u00f3 que este programa atiende una necesidad en Colima, pues de acuerdo con la \u00faltima Encuesta Nacional de Vivienda, se requieren m\u00e1s de 42 mil viviendas y solamente se construyen mil 500 al a\u00f1o, de las cuales s\u00f3lo el 5 por ciento son a precios accesibles.<\/p>\n\n\n\n<p class=\"wp-block-paragraph\">El director de Comisi\u00f3n Nacional de Vivienda (CONAVI), Rodrigo Ch\u00e1vez Contreras, inform\u00f3 que este organismo tiene proyectadas 6 mil viviendas en Colima para este a\u00f1o y ya cuentan con el uso de suelo para 700 viviendas en Coquimatl\u00e1n, 100 en Tecom\u00e1n y 111 en Manzanillo, donde este d\u00eda se puso la primera piedra.<\/p>\n\n\n\n<p class=\"wp-block-paragraph\">Detall\u00f3 que existen dos prototipos de vivienda, una de 60 metros cuadrados para familias y una de 40 metros cuadrados para las y los j\u00f3venes que estudian o trabajan, con el objetivo de que todas y todos tengan derecho al acceso a la vivienda.<\/p>\n\n\n\n<p class=\"wp-block-paragraph\">La gobernadora de Colima, Indira Vizca\u00edno Silva, reconoci\u00f3 que con estas m\u00e1s de 13 mil viviendas se atiende un rezago en su estado, pues va a beneficiar 42 mil 300 personas que tendr\u00e1n acceso a una vivienda, lo que representa el 6 por ciento de la poblaci\u00f3n en Colima.<\/p>\n\n\n\n<p class=\"wp-block-paragraph\">Durante el evento, la Presidenta de M\u00e9xico conmemor\u00f3 el 196 aniversario luctuoso de la independentista Josefa Ortiz T\u00e9llez Gir\u00f3n, a quien reconoci\u00f3 como la \u201cmadre de la patria\u201d, ya que simboliza honestidad, honradez y libertad.<\/p>\n\n\n\n<p class=\"wp-block-paragraph\">Acompa\u00f1aron a la Presidenta de M\u00e9xico en el arranque del Programa Nacional de Vivienda para el Bienestar en Colima, la secretaria de Gobernaci\u00f3n, Rosa Icela Rodr\u00edguez Vel\u00e1zquez; el secretario de Educaci\u00f3n P\u00fablica, Mario Delgado Carrillo; la secretaria de las Mujeres, Citlalli Hern\u00e1ndez Mora; el secretario de Infraestructura, Comunicaciones y Transportes, Jes\u00fas Antonio Esteva Medina; el director general de la Comisi\u00f3n Nacional del Agua, Efra\u00edn Morales L\u00f3pez; el secretario t\u00e9cnico del Gabinete de la Presidencia y coordinador general de Programas para el Bienestar, Carlos Torres Rosas; el director general del Instituto Nacional de Suelo Sustentable, Jos\u00e9 Antonio Iracheta Carl\u00f3n; la coordinadora general de Asuntos Intergubernamentales y Participaci\u00f3n Social de la Presidencia de la Rep\u00fablica, Leticia Ram\u00edrez Amaya; la vocal ejecutiva del Fovissste, JabnelyMaldonado Meza y la presidenta municipal de Manzanillo, Rosa Mar\u00eda Bayardo Cabrera.<\/p>\n","protected":false},"excerpt":{"rendered":"<p>\u201cLa corrupci\u00f3n se acab\u00f3 y ahora el trabajador va a tener su vivienda, porque vamos a construir un mill\u00f3n de viviendas en todo el pa\u00eds\u201d, destac\u00f3 En Colima, Infonavit construir\u00e1 7 mil 250 viviendas, comenzando con mil 600; mientras que Conavi har\u00e1 6 mil, arrancando con 700 en Coquimatl\u00e1n; 100 en Tecom\u00e1n y 111 en&#8230;<\/p>\n","protected":false},"author":2,"featured_media":64457,"comment_status":"closed","ping_status":"closed","sticky":false,"template":"","format":"standard","meta":{"_crdt_document":"","_exactmetrics_skip_tracking":false,"_exactmetrics_sitenote_active":false,"_exactmetrics_sitenote_note":"","_exactmetrics_sitenote_category":0,"footnotes":""},"categories":[36,23,31,27,69,65],"tags":[72],"class_list":["post-64456","post","type-post","status-publish","format-standard","has-post-thumbnail","hentry","category-economia","category-mexico","category-politica","category-sonora","category-ultimas-noticias","category-videos","tag-claudia-sheinbaum"],"_links":{"self":[{"href":"https:\/\/elpajaritonews.com\/index.php?rest_route=\/wp\/v2\/posts\/64456","targetHints":{"allow":["GET"]}}],"collection":[{"href":"https:\/\/elpajaritonews.com\/index.php?rest_route=\/wp\/v2\/posts"}],"about":[{"href":"https:\/\/elpajaritonews.com\/index.php?rest_route=\/wp\/v2\/types\/post"}],"author":[{"embeddable":true,"href":"https:\/\/elpajaritonews.com\/index.php?rest_route=\/wp\/v2\/users\/2"}],"replies":[{"embeddable":true,"href":"https:\/\/elpajaritonews.com\/index.php?rest_route=%2Fwp%2Fv2%2Fcomments&post=64456"}],"version-history":[{"count":1,"href":"https:\/\/elpajaritonews.com\/index.php?rest_route=\/wp\/v2\/posts\/64456\/revisions"}],"predecessor-version":[{"id":64458,"href":"https:\/\/elpajaritonews.com\/index.php?rest_route=\/wp\/v2\/posts\/64456\/revisions\/64458"}],"wp:featuredmedia":[{"embeddable":true,"href":"https:\/\/elpajaritonews.com\/index.php?rest_route=\/wp\/v2\/media\/64457"}],"wp:attachment":[{"href":"https:\/\/elpajaritonews.com\/index.php?rest_route=%2Fwp%2Fv2%2Fmedia&parent=64456"}],"wp:term":[{"taxonomy":"category","embeddable":true,"href":"https:\/\/elpajaritonews.com\/index.php?rest_route=%2Fwp%2Fv2%2Fcategories&post=64456"},{"taxonomy":"post_tag","embeddable":true,"href":"https:\/\/elpajaritonews.com\/index.php?rest_route=%2Fwp%2Fv2%2Ftags&post=64456"}],"curies":[{"name":"wp","href":"https:\/\/api.w.org\/{rel}","templated":true}]}}