{"id":64460,"date":"2025-03-02T18:21:56","date_gmt":"2025-03-03T01:21:56","guid":{"rendered":"https:\/\/elpajaritonews.com\/?p=64460"},"modified":"2025-03-02T18:21:57","modified_gmt":"2025-03-03T01:21:57","slug":"aranceles-a-mexico-y-canada-entraran-en-vigor-trump-fijara-niveles-jefe-comercio-de-eu","status":"publish","type":"post","link":"https:\/\/elpajaritonews.com\/?p=64460","title":{"rendered":"ARANCELES A M\u00c9XICO Y CANAD\u00c1 ENTRAR\u00c1N EN VIGOR, TRUMP FIJAR\u00c1 NIVELES: JEFE COMERCIO DE EU"},"content":{"rendered":"\n<p class=\"wp-block-paragraph\">El secretario de Comercio de Estados Unidos, Howard Lutnick, dijo el domingo en una entrevista en Fox News que los aranceles a Canad\u00e1 y M\u00e9xico entrar\u00e1n en vigor como estaba previsto el martes, pero que el presidente Donald Trump determinar\u00e1 sus niveles exactos.<\/p>\n\n\n\n<p class=\"wp-block-paragraph\">Trump ha dicho que impondr\u00e1 aranceles del 25% a los dos pa\u00edses el 4 de marzo.<\/p>\n\n\n\n<p class=\"wp-block-paragraph\">Los dos pa\u00edses han \u00abhecho un trabajo razonable\u00bb para proteger sus fronteras con Estados Unidos y Trump est\u00e1 considerando cu\u00e1les deber\u00edan ser los niveles arancelarios finales, dijo Lutnick.<\/p>\n\n\n\n<p class=\"wp-block-paragraph\">\u00ab\u00c9l est\u00e1 pensando en este momento c\u00f3mo exactamente quiere actuar con M\u00e9xico y Canad\u00e1, y esa es una situaci\u00f3n fluida. El martes habr\u00e1 aranceles para M\u00e9xico y Canad\u00e1. Exactamente cu\u00e1les son, vamos a dejar que el presidente y su equipo negocien\u00bb, agreg\u00f3.<\/p>\n\n\n\n<p class=\"wp-block-paragraph\">Tambi\u00e9n se espera que el martes Trump aumente los aranceles a China del 10% al 20%, lo que est\u00e1 establecido a menos que el pa\u00eds ponga fin al tr\u00e1fico de fentanilo a Estados Unidos, afirm\u00f3 Lutnick.&nbsp;<\/p>\n","protected":false},"excerpt":{"rendered":"<p>El secretario de Comercio de Estados Unidos, Howard Lutnick, dijo el domingo en una entrevista en Fox News que los aranceles a Canad\u00e1 y M\u00e9xico entrar\u00e1n en vigor como estaba previsto el martes, pero que el presidente Donald Trump determinar\u00e1 sus niveles exactos. Trump ha dicho que impondr\u00e1 aranceles del 25% a los dos pa\u00edses&#8230;<\/p>\n","protected":false},"author":2,"featured_media":64461,"comment_status":"closed","ping_status":"closed","sticky":false,"template":"","format":"standard","meta":{"_crdt_document":"","_exactmetrics_skip_tracking":false,"_exactmetrics_sitenote_active":false,"_exactmetrics_sitenote_note":"","_exactmetrics_sitenote_category":0,"footnotes":""},"categories":[17,36,89,23,31,27,69],"tags":[72],"class_list":["post-64460","post","type-post","status-publish","format-standard","has-post-thumbnail","hentry","category-arizona","category-economia","category-estados-unidos","category-mexico","category-politica","category-sonora","category-ultimas-noticias","tag-claudia-sheinbaum"],"_links":{"self":[{"href":"https:\/\/elpajaritonews.com\/index.php?rest_route=\/wp\/v2\/posts\/64460","targetHints":{"allow":["GET"]}}],"collection":[{"href":"https:\/\/elpajaritonews.com\/index.php?rest_route=\/wp\/v2\/posts"}],"about":[{"href":"https:\/\/elpajaritonews.com\/index.php?rest_route=\/wp\/v2\/types\/post"}],"author":[{"embeddable":true,"href":"https:\/\/elpajaritonews.com\/index.php?rest_route=\/wp\/v2\/users\/2"}],"replies":[{"embeddable":true,"href":"https:\/\/elpajaritonews.com\/index.php?rest_route=%2Fwp%2Fv2%2Fcomments&post=64460"}],"version-history":[{"count":1,"href":"https:\/\/elpajaritonews.com\/index.php?rest_route=\/wp\/v2\/posts\/64460\/revisions"}],"predecessor-version":[{"id":64462,"href":"https:\/\/elpajaritonews.com\/index.php?rest_route=\/wp\/v2\/posts\/64460\/revisions\/64462"}],"wp:featuredmedia":[{"embeddable":true,"href":"https:\/\/elpajaritonews.com\/index.php?rest_route=\/wp\/v2\/media\/64461"}],"wp:attachment":[{"href":"https:\/\/elpajaritonews.com\/index.php?rest_route=%2Fwp%2Fv2%2Fmedia&parent=64460"}],"wp:term":[{"taxonomy":"category","embeddable":true,"href":"https:\/\/elpajaritonews.com\/index.php?rest_route=%2Fwp%2Fv2%2Fcategories&post=64460"},{"taxonomy":"post_tag","embeddable":true,"href":"https:\/\/elpajaritonews.com\/index.php?rest_route=%2Fwp%2Fv2%2Ftags&post=64460"}],"curies":[{"name":"wp","href":"https:\/\/api.w.org\/{rel}","templated":true}]}}