{"id":64496,"date":"2025-03-04T15:43:46","date_gmt":"2025-03-04T22:43:46","guid":{"rendered":"https:\/\/elpajaritonews.com\/?p=64496"},"modified":"2025-03-04T15:43:48","modified_gmt":"2025-03-04T22:43:48","slug":"con-aranceles-los-estadounidenses-gastaran-1200-dolares-mas-al-mes-esquivel","status":"publish","type":"post","link":"https:\/\/elpajaritonews.com\/?p=64496","title":{"rendered":"CON ARANCELES, LOS ESTADOUNIDENSES GASTAR\u00c1N 1,200 D\u00d3LARES M\u00c1S AL MES: ESQUIVEL\u00a0"},"content":{"rendered":"\n<p class=\"wp-block-paragraph\">El periodista Jes\u00fas Esquivel asegur\u00f3 en &#8216;Aristegui en Vivo&#8217; que las proyecciones en Estados Unidos son que, tras la imposici\u00f3n de aranceles del 25% a M\u00e9xico y a Canad\u00e1, cada estadounidense gastar\u00e1 un promedio de 1,200 d\u00f3lares m\u00e1s al mes.<\/p>\n\n\n\n<figure class=\"wp-block-embed is-type-video is-provider-youtube wp-block-embed-youtube wp-embed-aspect-16-9 wp-has-aspect-ratio\"><div class=\"wp-block-embed__wrapper\">\n<iframe loading=\"lazy\" title=\"Familias de EU pagar\u00e1n 1200 d\u00f3lares m\u00e1s al mes por aranceles: Esquivel\" width=\"640\" height=\"360\" src=\"https:\/\/www.youtube.com\/embed\/N0HOP5ES5xo?feature=oembed\" frameborder=\"0\" allow=\"accelerometer; autoplay; clipboard-write; encrypted-media; gyroscope; picture-in-picture; web-share\" referrerpolicy=\"strict-origin-when-cross-origin\" allowfullscreen><\/iframe>\n<\/div><\/figure>\n","protected":false},"excerpt":{"rendered":"<p>El periodista Jes\u00fas Esquivel asegur\u00f3 en &#8216;Aristegui en Vivo&#8217; que las proyecciones en Estados Unidos son que, tras la imposici\u00f3n de aranceles del 25% a M\u00e9xico y a Canad\u00e1, cada estadounidense gastar\u00e1 un promedio de 1,200 d\u00f3lares m\u00e1s al mes.<\/p>\n","protected":false},"author":2,"featured_media":64497,"comment_status":"closed","ping_status":"closed","sticky":false,"template":"","format":"standard","meta":{"_crdt_document":"","_exactmetrics_skip_tracking":false,"_exactmetrics_sitenote_active":false,"_exactmetrics_sitenote_note":"","_exactmetrics_sitenote_category":0,"footnotes":""},"categories":[17,36,89,23,31,27,69,65],"tags":[138,72,87,139,28,93],"class_list":["post-64496","post","type-post","status-publish","format-standard","has-post-thumbnail","hentry","category-arizona","category-economia","category-estados-unidos","category-mexico","category-politica","category-sonora","category-ultimas-noticias","category-videos","tag-aranceles","tag-claudia-sheinbaum","tag-estados-unidos","tag-mexico-y-a-canada","tag-nogales","tag-trump"],"_links":{"self":[{"href":"https:\/\/elpajaritonews.com\/index.php?rest_route=\/wp\/v2\/posts\/64496","targetHints":{"allow":["GET"]}}],"collection":[{"href":"https:\/\/elpajaritonews.com\/index.php?rest_route=\/wp\/v2\/posts"}],"about":[{"href":"https:\/\/elpajaritonews.com\/index.php?rest_route=\/wp\/v2\/types\/post"}],"author":[{"embeddable":true,"href":"https:\/\/elpajaritonews.com\/index.php?rest_route=\/wp\/v2\/users\/2"}],"replies":[{"embeddable":true,"href":"https:\/\/elpajaritonews.com\/index.php?rest_route=%2Fwp%2Fv2%2Fcomments&post=64496"}],"version-history":[{"count":1,"href":"https:\/\/elpajaritonews.com\/index.php?rest_route=\/wp\/v2\/posts\/64496\/revisions"}],"predecessor-version":[{"id":64498,"href":"https:\/\/elpajaritonews.com\/index.php?rest_route=\/wp\/v2\/posts\/64496\/revisions\/64498"}],"wp:featuredmedia":[{"embeddable":true,"href":"https:\/\/elpajaritonews.com\/index.php?rest_route=\/wp\/v2\/media\/64497"}],"wp:attachment":[{"href":"https:\/\/elpajaritonews.com\/index.php?rest_route=%2Fwp%2Fv2%2Fmedia&parent=64496"}],"wp:term":[{"taxonomy":"category","embeddable":true,"href":"https:\/\/elpajaritonews.com\/index.php?rest_route=%2Fwp%2Fv2%2Fcategories&post=64496"},{"taxonomy":"post_tag","embeddable":true,"href":"https:\/\/elpajaritonews.com\/index.php?rest_route=%2Fwp%2Fv2%2Ftags&post=64496"}],"curies":[{"name":"wp","href":"https:\/\/api.w.org\/{rel}","templated":true}]}}