{"id":64524,"date":"2025-03-04T22:32:18","date_gmt":"2025-03-05T05:32:18","guid":{"rendered":"https:\/\/elpajaritonews.com\/?p=64524"},"modified":"2025-03-05T13:41:49","modified_gmt":"2025-03-05T20:41:49","slug":"reitera-sheinbaum-invitacion-a-asamblea-del-domingo-en-el-zocalo","status":"publish","type":"post","link":"https:\/\/elpajaritonews.com\/?p=64524","title":{"rendered":"REITERA SHEINBAUM INVITACI\u00d3N A ASAMBLEA DEL DOMINGO EN EL Z\u00d3CALO"},"content":{"rendered":"\n<p class=\"wp-block-paragraph\">Por Vinicio Sanchez<\/p>\n\n\n\n<p class=\"wp-block-paragraph\">Esta noche, en la red social X, la presidenta Claudia Sheinbaum Pardo public\u00f3 un video desde su despacho en el que reiter\u00f3 la convocatoria a asistir el domingo al Z\u00f3calo a las 12 horas, donde anunciar\u00e1 las medidas que si gobierno tomar\u00e1 en respuesta a los aranceles impuestos por Donald Trump.<\/p>\n\n\n\n<p class=\"wp-block-paragraph\">\u201cEs el mejor lugar para tomar juntos decisiones e informar cu\u00e1les son las acciones que hemos decidido emprender. Siempre llamaremos al di\u00e1logo. Somos un pa\u00eds libre y soberano y siempre el pueblo de M\u00e9xico salimos, juntas y juntos, adelante\u00bb, dijo.<\/p>\n\n\n\n<p class=\"wp-block-paragraph\">La presidenta explic\u00f3 que los aranceles del 25 por ciento a las mercanc\u00edas mexicanas ordenados por Trump son una medida unilateral y dijo que fueron impuestos pese a que ambos gobiernos hab\u00edan alcanzado una serie de acuerdos.<\/p>\n\n\n\n<figure class=\"wp-block-embed is-type-video is-provider-youtube wp-block-embed-youtube wp-embed-aspect-16-9 wp-has-aspect-ratio\"><div class=\"wp-block-embed__wrapper\">\n<iframe loading=\"lazy\" title=\"Invitaci\u00f3n a asistir al Z\u00f3calo de la Ciudad de M\u00e9xico con motivo de la imposici\u00f3n de aranceles\" width=\"640\" height=\"360\" src=\"https:\/\/www.youtube.com\/embed\/ra1Q_QxKQtY?feature=oembed\" frameborder=\"0\" allow=\"accelerometer; autoplay; clipboard-write; encrypted-media; gyroscope; picture-in-picture; web-share\" referrerpolicy=\"strict-origin-when-cross-origin\" allowfullscreen><\/iframe>\n<\/div><\/figure>\n\n\n\n<p class=\"wp-block-paragraph\">\u201cPor eso no entendemos y adem\u00e1s no creemos que sean necesarios estos aranceles\u201d, dijo la mandataria en el video de casi dos minutos de duraci\u00f3n.<\/p>\n","protected":false},"excerpt":{"rendered":"<p>Por Vinicio Sanchez Esta noche, en la red social X, la presidenta Claudia Sheinbaum Pardo public\u00f3 un video desde su despacho en el que reiter\u00f3 la convocatoria a asistir el domingo al Z\u00f3calo a las 12 horas, donde anunciar\u00e1 las medidas que si gobierno tomar\u00e1 en respuesta a los aranceles impuestos por Donald Trump. \u201cEs&#8230;<\/p>\n","protected":false},"author":2,"featured_media":64525,"comment_status":"closed","ping_status":"closed","sticky":false,"template":"","format":"standard","meta":{"_crdt_document":"","_exactmetrics_skip_tracking":false,"_exactmetrics_sitenote_active":false,"_exactmetrics_sitenote_note":"","_exactmetrics_sitenote_category":0,"footnotes":""},"categories":[23,38,31,27,69,65],"tags":[71,72],"class_list":["post-64524","post","type-post","status-publish","format-standard","has-post-thumbnail","hentry","category-mexico","category-migracion","category-politica","category-sonora","category-ultimas-noticias","category-videos","tag-alfonso-durazo","tag-claudia-sheinbaum"],"_links":{"self":[{"href":"https:\/\/elpajaritonews.com\/index.php?rest_route=\/wp\/v2\/posts\/64524","targetHints":{"allow":["GET"]}}],"collection":[{"href":"https:\/\/elpajaritonews.com\/index.php?rest_route=\/wp\/v2\/posts"}],"about":[{"href":"https:\/\/elpajaritonews.com\/index.php?rest_route=\/wp\/v2\/types\/post"}],"author":[{"embeddable":true,"href":"https:\/\/elpajaritonews.com\/index.php?rest_route=\/wp\/v2\/users\/2"}],"replies":[{"embeddable":true,"href":"https:\/\/elpajaritonews.com\/index.php?rest_route=%2Fwp%2Fv2%2Fcomments&post=64524"}],"version-history":[{"count":2,"href":"https:\/\/elpajaritonews.com\/index.php?rest_route=\/wp\/v2\/posts\/64524\/revisions"}],"predecessor-version":[{"id":64531,"href":"https:\/\/elpajaritonews.com\/index.php?rest_route=\/wp\/v2\/posts\/64524\/revisions\/64531"}],"wp:featuredmedia":[{"embeddable":true,"href":"https:\/\/elpajaritonews.com\/index.php?rest_route=\/wp\/v2\/media\/64525"}],"wp:attachment":[{"href":"https:\/\/elpajaritonews.com\/index.php?rest_route=%2Fwp%2Fv2%2Fmedia&parent=64524"}],"wp:term":[{"taxonomy":"category","embeddable":true,"href":"https:\/\/elpajaritonews.com\/index.php?rest_route=%2Fwp%2Fv2%2Fcategories&post=64524"},{"taxonomy":"post_tag","embeddable":true,"href":"https:\/\/elpajaritonews.com\/index.php?rest_route=%2Fwp%2Fv2%2Ftags&post=64524"}],"curies":[{"name":"wp","href":"https:\/\/api.w.org\/{rel}","templated":true}]}}