{"id":64532,"date":"2025-03-05T15:50:39","date_gmt":"2025-03-05T22:50:39","guid":{"rendered":"https:\/\/elpajaritonews.com\/?p=64532"},"modified":"2025-03-05T15:51:10","modified_gmt":"2025-03-05T22:51:10","slug":"paulina-ocana-habla-con-locataria-del-mercado-no-1-de-hermosillo-y-los-ultimos-avances-de-su-reconstruccion","status":"publish","type":"post","link":"https:\/\/elpajaritonews.com\/?p=64532","title":{"rendered":"PAULINA OCA\u00d1A HABLA CON LOCATARIA DEL MERCADO NO. 1 DE HERMOSILLO Y LOS \u00daLTIMOS AVANCES DE SU RECONSTRUCCI\u00d3N"},"content":{"rendered":"\n<p class=\"wp-block-paragraph\">\u201cCon las y los locatarios del Mercado Municipal No. 1 de Hermosillo revisamos los \u00faltimos detalles de la obra de reconstrucci\u00f3n impulsada por nuestro gobernador Alfonso Durazo. Por fin tendremos instalaciones modernas y seguras que transformar\u00e1n la experiencia de comerciantes y clientes.<\/p>\n\n\n\n<p class=\"wp-block-paragraph\">Los hermosillenses ten\u00edamos esperando m\u00e1s de 100 a\u00f1os una intervenci\u00f3n de esta magnitud. La inauguraci\u00f3n est\u00e1 muy cerca y este emblem\u00e1tico espacio ser\u00e1 un s\u00edmbolo de progreso y renovaci\u00f3n para nuestra ciudad. \u00a1Est\u00e1 quedando excelente y esto es solo el comienzo de m\u00e1s avances para Hermosillo y Sonora!\u201d: Paulina Oca\u00f1a&nbsp;<\/p>\n\n\n\n<p class=\"wp-block-paragraph\"><a href=\"https:\/\/twitter.com\/i\/status\/1897321228433777047\">https:\/\/twitter.com\/i\/status\/1897321228433777047<\/a><\/p>\n","protected":false},"excerpt":{"rendered":"<p>\u201cCon las y los locatarios del Mercado Municipal No. 1 de Hermosillo revisamos los \u00faltimos detalles de la obra de reconstrucci\u00f3n impulsada por nuestro gobernador Alfonso Durazo. Por fin tendremos instalaciones modernas y seguras que transformar\u00e1n la experiencia de comerciantes y clientes. Los hermosillenses ten\u00edamos esperando m\u00e1s de 100 a\u00f1os una intervenci\u00f3n de esta magnitud&#8230;.<\/p>\n","protected":false},"author":2,"featured_media":64534,"comment_status":"closed","ping_status":"closed","sticky":false,"template":"","format":"standard","meta":{"_crdt_document":"","_exactmetrics_skip_tracking":false,"_exactmetrics_sitenote_active":false,"_exactmetrics_sitenote_note":"","_exactmetrics_sitenote_category":0,"footnotes":""},"categories":[36,26,31,1,27,84,69,65],"tags":[71,72,30],"class_list":["post-64532","post","type-post","status-publish","format-standard","has-post-thumbnail","hentry","category-economia","category-local","category-politica","category-seguridad","category-sonora","category-turismo","category-ultimas-noticias","category-videos","tag-alfonso-durazo","tag-claudia-sheinbaum","tag-sonora-tierra-de-oportunidades"],"_links":{"self":[{"href":"https:\/\/elpajaritonews.com\/index.php?rest_route=\/wp\/v2\/posts\/64532","targetHints":{"allow":["GET"]}}],"collection":[{"href":"https:\/\/elpajaritonews.com\/index.php?rest_route=\/wp\/v2\/posts"}],"about":[{"href":"https:\/\/elpajaritonews.com\/index.php?rest_route=\/wp\/v2\/types\/post"}],"author":[{"embeddable":true,"href":"https:\/\/elpajaritonews.com\/index.php?rest_route=\/wp\/v2\/users\/2"}],"replies":[{"embeddable":true,"href":"https:\/\/elpajaritonews.com\/index.php?rest_route=%2Fwp%2Fv2%2Fcomments&post=64532"}],"version-history":[{"count":1,"href":"https:\/\/elpajaritonews.com\/index.php?rest_route=\/wp\/v2\/posts\/64532\/revisions"}],"predecessor-version":[{"id":64533,"href":"https:\/\/elpajaritonews.com\/index.php?rest_route=\/wp\/v2\/posts\/64532\/revisions\/64533"}],"wp:featuredmedia":[{"embeddable":true,"href":"https:\/\/elpajaritonews.com\/index.php?rest_route=\/wp\/v2\/media\/64534"}],"wp:attachment":[{"href":"https:\/\/elpajaritonews.com\/index.php?rest_route=%2Fwp%2Fv2%2Fmedia&parent=64532"}],"wp:term":[{"taxonomy":"category","embeddable":true,"href":"https:\/\/elpajaritonews.com\/index.php?rest_route=%2Fwp%2Fv2%2Fcategories&post=64532"},{"taxonomy":"post_tag","embeddable":true,"href":"https:\/\/elpajaritonews.com\/index.php?rest_route=%2Fwp%2Fv2%2Ftags&post=64532"}],"curies":[{"name":"wp","href":"https:\/\/api.w.org\/{rel}","templated":true}]}}