{"id":64545,"date":"2025-03-05T17:11:36","date_gmt":"2025-03-06T00:11:36","guid":{"rendered":"https:\/\/elpajaritonews.com\/?p=64545"},"modified":"2025-03-05T17:11:37","modified_gmt":"2025-03-06T00:11:37","slug":"gobernador-durazo-y-presidenta-sheinbaum-fortalecen-salud-en-sonora-con-contratacion-de-210-medicos-especialistas","status":"publish","type":"post","link":"https:\/\/elpajaritonews.com\/?p=64545","title":{"rendered":"GOBERNADOR DURAZO Y PRESIDENTA SHEINBAUM FORTALECEN SALUD EN SONORA CON CONTRATACI\u00d3N DE 210 M\u00c9DICOS ESPECIALISTAS"},"content":{"rendered":"\n<p class=\"wp-block-paragraph\">&#8211; En reuni\u00f3n de seguimiento a las acciones de fortalecimiento de los servicios de salud en Sonora, el gobernador Alfonso Durazo Monta\u00f1o present\u00f3 a la presidenta Claudia Sheinbaum los avances en atenci\u00f3n m\u00e9dica del IMSS y destac\u00f3 la contrataci\u00f3n de especialistas en distintos hospitales del estado.<\/p>\n\n\n\n<p class=\"wp-block-paragraph\">&#8211; Actualmente, Sonora ocupa el tercer lugar nacional en el rubro de contrataci\u00f3n de 210 m\u00e9dicas y m\u00e9dicos especialistas, en beneficio de los proyectos que encabeza el gobernador Durazo, como la conversi\u00f3n del antiguo Hospital General del Estado a Hospital Universitario, donde estudiantes de medicina de la Universidad de Sonora y otros centros educativos podr\u00e1n poner en pr\u00e1ctica sus conocimientos.<\/p>\n\n\n\n<p class=\"wp-block-paragraph\">Las gestiones realizadas por el gobernador Alfonso Durazo Monta\u00f1o ante el Instituto Mexicano del Seguro Social (IMSS), han fortalecido al sistema de salud en la entidad, a trav\u00e9s de la contrataci\u00f3n de personal especializado, as\u00ed como el mejoramiento de la infraestructura hospitalaria en el estado.<\/p>\n\n\n\n<p class=\"wp-block-paragraph\">En reuni\u00f3n de seguimiento con la presidenta Claudia Sheinbaum Pardo y autoridades del IMSS, el mandatario estatal constat\u00f3 que Sonora ocupa el tercer lugar nacional con la contrataci\u00f3n de 210 m\u00e9dicas y m\u00e9dicos especialistas, dentro del proceso que inici\u00f3 en febrero de este a\u00f1o para reforzar la atenci\u00f3n del sistema de salud en el estado.<\/p>\n\n\n\n<p class=\"wp-block-paragraph\">\u201cNos reunimos con nuestra presidenta Claudia Sheinbaum para revisar los avances en el fortalecimiento del sistema de salud en Sonora. De la mano del gobierno federal seguimos trabajando para garantizar una mejor atenci\u00f3n m\u00e9dica para las y los sonorenses\u201d, indic\u00f3.<\/p>\n\n\n\n<p class=\"wp-block-paragraph\">El gobernador Durazo Monta\u00f1o mencion\u00f3 que el antiguo Hospital General del Estado \u201cDr. Ernesto Ramos Bours\u201d cuenta ahora con una visi\u00f3n renovada como un nuevo Hospital Universitario, que permitir\u00e1 que el alumnado de medicina de la Universidad de Sonora y otras instituciones puedan practicar sus conocimientos y fortalecer su formaci\u00f3n profesional.<\/p>\n\n\n\n<p class=\"wp-block-paragraph\">Con una inversi\u00f3n de 387 millones 075 mil 864.65 pesos, este hospital cuenta con 90 camas, de las cuales 34 est\u00e1n destinadas para cirug\u00eda, 29 para medicina interna, 17 de ginecolog\u00eda y 10 para pediatr\u00eda.<\/p>\n","protected":false},"excerpt":{"rendered":"<p>&#8211; En reuni\u00f3n de seguimiento a las acciones de fortalecimiento de los servicios de salud en Sonora, el gobernador Alfonso Durazo Monta\u00f1o present\u00f3 a la presidenta Claudia Sheinbaum los avances en atenci\u00f3n m\u00e9dica del IMSS y destac\u00f3 la contrataci\u00f3n de especialistas en distintos hospitales del estado. &#8211; Actualmente, Sonora ocupa el tercer lugar nacional en&#8230;<\/p>\n","protected":false},"author":2,"featured_media":64546,"comment_status":"closed","ping_status":"closed","sticky":false,"template":"","format":"standard","meta":{"_crdt_document":"","_exactmetrics_skip_tracking":false,"_exactmetrics_sitenote_active":false,"_exactmetrics_sitenote_note":"","_exactmetrics_sitenote_category":0,"footnotes":""},"categories":[18,33,31,32,27,69],"tags":[71,72,30],"class_list":["post-64545","post","type-post","status-publish","format-standard","has-post-thumbnail","hentry","category-ciencia","category-educacion","category-politica","category-salud","category-sonora","category-ultimas-noticias","tag-alfonso-durazo","tag-claudia-sheinbaum","tag-sonora-tierra-de-oportunidades"],"_links":{"self":[{"href":"https:\/\/elpajaritonews.com\/index.php?rest_route=\/wp\/v2\/posts\/64545","targetHints":{"allow":["GET"]}}],"collection":[{"href":"https:\/\/elpajaritonews.com\/index.php?rest_route=\/wp\/v2\/posts"}],"about":[{"href":"https:\/\/elpajaritonews.com\/index.php?rest_route=\/wp\/v2\/types\/post"}],"author":[{"embeddable":true,"href":"https:\/\/elpajaritonews.com\/index.php?rest_route=\/wp\/v2\/users\/2"}],"replies":[{"embeddable":true,"href":"https:\/\/elpajaritonews.com\/index.php?rest_route=%2Fwp%2Fv2%2Fcomments&post=64545"}],"version-history":[{"count":1,"href":"https:\/\/elpajaritonews.com\/index.php?rest_route=\/wp\/v2\/posts\/64545\/revisions"}],"predecessor-version":[{"id":64547,"href":"https:\/\/elpajaritonews.com\/index.php?rest_route=\/wp\/v2\/posts\/64545\/revisions\/64547"}],"wp:featuredmedia":[{"embeddable":true,"href":"https:\/\/elpajaritonews.com\/index.php?rest_route=\/wp\/v2\/media\/64546"}],"wp:attachment":[{"href":"https:\/\/elpajaritonews.com\/index.php?rest_route=%2Fwp%2Fv2%2Fmedia&parent=64545"}],"wp:term":[{"taxonomy":"category","embeddable":true,"href":"https:\/\/elpajaritonews.com\/index.php?rest_route=%2Fwp%2Fv2%2Fcategories&post=64545"},{"taxonomy":"post_tag","embeddable":true,"href":"https:\/\/elpajaritonews.com\/index.php?rest_route=%2Fwp%2Fv2%2Ftags&post=64545"}],"curies":[{"name":"wp","href":"https:\/\/api.w.org\/{rel}","templated":true}]}}