{"id":64580,"date":"2025-03-06T15:44:50","date_gmt":"2025-03-06T22:44:50","guid":{"rendered":"https:\/\/elpajaritonews.com\/?p=64580"},"modified":"2025-03-06T15:44:51","modified_gmt":"2025-03-06T22:44:51","slug":"aprueba-congreso-de-sonora-reformas-contra-el-nepotismo-la-reeleccion-y-el-maiz-transgenico","status":"publish","type":"post","link":"https:\/\/elpajaritonews.com\/?p=64580","title":{"rendered":"APRUEBA CONGRESO DE SONORA REFORMAS CONTRA EL NEPOTISMO, LA REELECCI\u00d3N Y EL MA\u00cdZ TRANSG\u00c9NICO"},"content":{"rendered":"\n<p class=\"wp-block-paragraph\">El Pleno del Congreso de Sonora aprob\u00f3 por unanimidad minutas constitucionales que proh\u00edben el ma\u00edz transg\u00e9nico, la reelecci\u00f3n consecutiva y evitan el nepotismo electoral. Adem\u00e1s, turn\u00f3 a comisiones iniciativas sobre igualdad sustantiva de la mujer y la armonizaci\u00f3n del Registro Nacional de Obligaciones Alimentarias, y se presentaron posicionamientos en el marco del D\u00eda Internacional de la Mujer.<\/p>\n\n\n\n<figure class=\"wp-block-embed is-type-video is-provider-youtube wp-block-embed-youtube wp-embed-aspect-16-9 wp-has-aspect-ratio\"><div class=\"wp-block-embed__wrapper\">\n<iframe loading=\"lazy\" title=\"06 de Marzo 2025 - Sesi\u00f3n Ordinaria\" width=\"640\" height=\"360\" src=\"https:\/\/www.youtube.com\/embed\/7jaXbUDX16U?feature=oembed\" frameborder=\"0\" allow=\"accelerometer; autoplay; clipboard-write; encrypted-media; gyroscope; picture-in-picture; web-share\" referrerpolicy=\"strict-origin-when-cross-origin\" allowfullscreen><\/iframe>\n<\/div><\/figure>\n\n\n\n<p class=\"wp-block-paragraph\">La diputada Mar\u00eda Eduwiges Espinoza Tapia (Morena) dio lectura a la minuta de reforma a la Constituci\u00f3n federal en materia de no reelecci\u00f3n, cuyo prop\u00f3sito es garantizar elecciones justas y reforzar el principio de \u201cSufragio Efectivo, No Reelecci\u00f3n\u201d. En cuanto a la reforma que proh\u00edbe el nepotismo electoral, se establece que quienes busquen un cargo de elecci\u00f3n popular no deber\u00e1n tener v\u00ednculos de matrimonio, concubinato, uni\u00f3n de hecho o parentesco por consanguinidad o civil en l\u00ednea recta sin limitaci\u00f3n de grado, en l\u00ednea colateral hasta el cuarto grado o de afinidad hasta el segundo grado con la persona que ocupa el cargo por el cual pretenden postularse.<\/p>\n\n\n\n<p class=\"wp-block-paragraph\">Posteriormente, el diputado Rub\u00e9n Refugio Gonz\u00e1lez Aguayo (PT) present\u00f3 la minuta de reforma constitucional para la conservaci\u00f3n de ma\u00edces nativos y la soberan\u00eda alimentaria, que proh\u00edbe el cultivo de ma\u00edz transg\u00e9nico en M\u00e9xico.<\/p>\n\n\n\n<p class=\"wp-block-paragraph\">En el desarrollo de la sesi\u00f3n, la diputada Jazm\u00edn Guadalupe G\u00f3mez Liz\u00e1rraga (PT) present\u00f3 una iniciativa de reforma y adici\u00f3n a la Constituci\u00f3n local en materia de igualdad sustantiva, perspectiva de g\u00e9nero y derecho de las mujeres a una vida libre de violencia, con el objetivo de garantizar la paridad en los nombramientos de gabinetes estatales y municipales, as\u00ed como en las fiscal\u00edas especializadas en violencia de g\u00e9nero y la igualdad salarial.<\/p>\n\n\n\n<p class=\"wp-block-paragraph\">Por su parte, la diputada Gabriela Danitza F\u00e9lix Boj\u00f3rquez, en representaci\u00f3n del Grupo Parlamentario de Movimiento Ciudadano, present\u00f3 una iniciativa de reforma a diversas leyes estatales para establecer que quienes aspiren a cargos de elecci\u00f3n popular, direcci\u00f3n o subdirecci\u00f3n en instituciones p\u00fablicas estatales o municipales, no deber\u00e1n estar inscritos en el Registro de Deudores Alimentarios; de lo contrario, no podr\u00e1n acceder a dichos cargos.<\/p>\n\n\n\n<p class=\"wp-block-paragraph\">Las iniciativas presentadas fueron turnadas a las comisiones de Gobernaci\u00f3n y Puntos Constitucionales, y de Justicia y Derechos Humanos para su an\u00e1lisis y dictaminaci\u00f3n.<\/p>\n\n\n\n<p class=\"wp-block-paragraph\">Presentan posicionamientos por el D\u00eda Internacional de la Mujer<\/p>\n\n\n\n<p class=\"wp-block-paragraph\">En el marco del D\u00eda Internacional de la Mujer, que se conmemora el 8 de marzo, legisladoras de diversos grupos y representaciones parlamentarias presentaron posicionamientos en los que destacaron la importancia de reconocer y atender las demandas de las mujeres, como la igualdad de g\u00e9nero, el acceso a una vida libre de violencia, la paridad en los espacios de toma de decisiones y la erradicaci\u00f3n de la discriminaci\u00f3n laboral.<\/p>\n\n\n\n<p class=\"wp-block-paragraph\">Asimismo, subrayaron la necesidad de fortalecer pol\u00edticas p\u00fablicas que garanticen los derechos fundamentales de las mujeres y el respeto a su dignidad.<\/p>\n\n\n\n<p class=\"wp-block-paragraph\">La siguiente sesi\u00f3n ordinaria se cit\u00f3 para el martes 11 de marzo a las 11:00 horas.<\/p>\n","protected":false},"excerpt":{"rendered":"<p>El Pleno del Congreso de Sonora aprob\u00f3 por unanimidad minutas constitucionales que proh\u00edben el ma\u00edz transg\u00e9nico, la reelecci\u00f3n consecutiva y evitan el nepotismo electoral. Adem\u00e1s, turn\u00f3 a comisiones iniciativas sobre igualdad sustantiva de la mujer y la armonizaci\u00f3n del Registro Nacional de Obligaciones Alimentarias, y se presentaron posicionamientos en el marco del D\u00eda Internacional de&#8230;<\/p>\n","protected":false},"author":2,"featured_media":64581,"comment_status":"closed","ping_status":"closed","sticky":false,"template":"","format":"standard","meta":{"_crdt_document":"","_exactmetrics_skip_tracking":false,"_exactmetrics_sitenote_active":false,"_exactmetrics_sitenote_note":"","_exactmetrics_sitenote_category":0,"footnotes":""},"categories":[20,26,31,27,69],"tags":[73],"class_list":["post-64580","post","type-post","status-publish","format-standard","has-post-thumbnail","hentry","category-congreso","category-local","category-politica","category-sonora","category-ultimas-noticias","tag-congreso-del-estado-de-sonora"],"_links":{"self":[{"href":"https:\/\/elpajaritonews.com\/index.php?rest_route=\/wp\/v2\/posts\/64580","targetHints":{"allow":["GET"]}}],"collection":[{"href":"https:\/\/elpajaritonews.com\/index.php?rest_route=\/wp\/v2\/posts"}],"about":[{"href":"https:\/\/elpajaritonews.com\/index.php?rest_route=\/wp\/v2\/types\/post"}],"author":[{"embeddable":true,"href":"https:\/\/elpajaritonews.com\/index.php?rest_route=\/wp\/v2\/users\/2"}],"replies":[{"embeddable":true,"href":"https:\/\/elpajaritonews.com\/index.php?rest_route=%2Fwp%2Fv2%2Fcomments&post=64580"}],"version-history":[{"count":1,"href":"https:\/\/elpajaritonews.com\/index.php?rest_route=\/wp\/v2\/posts\/64580\/revisions"}],"predecessor-version":[{"id":64582,"href":"https:\/\/elpajaritonews.com\/index.php?rest_route=\/wp\/v2\/posts\/64580\/revisions\/64582"}],"wp:featuredmedia":[{"embeddable":true,"href":"https:\/\/elpajaritonews.com\/index.php?rest_route=\/wp\/v2\/media\/64581"}],"wp:attachment":[{"href":"https:\/\/elpajaritonews.com\/index.php?rest_route=%2Fwp%2Fv2%2Fmedia&parent=64580"}],"wp:term":[{"taxonomy":"category","embeddable":true,"href":"https:\/\/elpajaritonews.com\/index.php?rest_route=%2Fwp%2Fv2%2Fcategories&post=64580"},{"taxonomy":"post_tag","embeddable":true,"href":"https:\/\/elpajaritonews.com\/index.php?rest_route=%2Fwp%2Fv2%2Ftags&post=64580"}],"curies":[{"name":"wp","href":"https:\/\/api.w.org\/{rel}","templated":true}]}}