{"id":64587,"date":"2025-03-06T17:22:24","date_gmt":"2025-03-07T00:22:24","guid":{"rendered":"https:\/\/elpajaritonews.com\/?p=64587"},"modified":"2025-03-06T17:22:26","modified_gmt":"2025-03-07T00:22:26","slug":"gobernador-durazo-refuerza-corporaciones-de-seguridad-con-mas-policias-egresados-de-la-usp","status":"publish","type":"post","link":"https:\/\/elpajaritonews.com\/?p=64587","title":{"rendered":"GOBERNADOR DURAZO REFUERZA CORPORACIONES DE SEGURIDAD CON M\u00c1S POLIC\u00cdAS EGRESADOS DE LA USP"},"content":{"rendered":"\n<p class=\"wp-block-paragraph\">&#8211; Al encabezar la ceremonia de graduaci\u00f3n de 48 estudiantes de la Licenciatura en Prevenci\u00f3n del Delito y Seguridad Ciudadana, el gobernador Alfonso Durazo Monta\u00f1o reafirm\u00f3 su compromiso con la profesionalizaci\u00f3n y mejora de las condiciones laborales de los cuerpos de seguridad en el estado.&nbsp;<\/p>\n\n\n\n<p class=\"wp-block-paragraph\">&#8211; Durante el evento, dio la bienvenida a 307 nuevos cadetes de la Polic\u00eda de Proximidad, Generaci\u00f3n \u00c1guila y destac\u00f3 que la Universidad de la Seguridad P\u00fablica del Estado de Sonora (USP), creada durante su administraci\u00f3n, se ha convertido en un referente en la preparaci\u00f3n de profesionales en seguridad, fortaleciendo la estrategia estatal de prevenci\u00f3n del delito y salvaguarda de la comunidad.<\/p>\n\n\n\n<p class=\"wp-block-paragraph\">Como resultado de su compromiso con la formaci\u00f3n de profesionales en seguridad, el gobernador Alfonso Durazo Monta\u00f1o encabez\u00f3 la ceremonia de graduaci\u00f3n de 48 estudiantes de la Licenciatura en Prevenci\u00f3n del Delito y Seguridad Ciudadana, y dio la bienvenida a los 307 cadetes que ingresaron a Formaci\u00f3n Inicial para Polic\u00eda de Proximidad, Generaci\u00f3n \u00c1guila, en febrero de 2025.<\/p>\n\n\n\n<p class=\"wp-block-paragraph\">Durante el evento, realizado en la explanada de la Universidad de la Seguridad P\u00fablica del Estado de Sonora (USP), el mandatario estatal destac\u00f3 la importancia de la profesionalizaci\u00f3n de los cuerpos de seguridad para la construcci\u00f3n de un estado m\u00e1s seguro para la ciudadan\u00eda.<\/p>\n\n\n\n<p class=\"wp-block-paragraph\">\u00abUna mejor profesionalizaci\u00f3n como la que ustedes consiguen el d\u00eda de hoy, debe tambi\u00e9n ampliar las posibilidades de desarrollo profesional, de hacer una aut\u00e9ntica carrera policial y finalmente de entregar mejores resultados a la sociedad sonorense que ha puesto en sus muy capaces manos una de las mayores responsabilidades y anhelos, conseguir un estado en paz y tranquilidad\u00bb, expres\u00f3.<\/p>\n\n\n\n<p class=\"wp-block-paragraph\">Como parte de la ceremonia, el gobernador Durazo Monta\u00f1o entreg\u00f3 los diplomas de conclusi\u00f3n de estudios a los 48 egresados, quienes culminaron su formaci\u00f3n dentro de la actual administraci\u00f3n.<\/p>\n\n\n\n<p class=\"wp-block-paragraph\">El titular del Ejecutivo estatal enfatiz\u00f3 que la Universidad de la Seguridad P\u00fablica del Estado de Sonora, creada durante su gesti\u00f3n, se ha consolidado como un referente en la formaci\u00f3n de profesionales en seguridad, fortaleciendo la estrategia estatal de prevenci\u00f3n del delito y proximidad con la comunidad.<\/p>\n","protected":false},"excerpt":{"rendered":"<p>&#8211; Al encabezar la ceremonia de graduaci\u00f3n de 48 estudiantes de la Licenciatura en Prevenci\u00f3n del Delito y Seguridad Ciudadana, el gobernador Alfonso Durazo Monta\u00f1o reafirm\u00f3 su compromiso con la profesionalizaci\u00f3n y mejora de las condiciones laborales de los cuerpos de seguridad en el estado.&nbsp; &#8211; Durante el evento, dio la bienvenida a 307 nuevos&#8230;<\/p>\n","protected":false},"author":2,"featured_media":64588,"comment_status":"closed","ping_status":"closed","sticky":false,"template":"","format":"standard","meta":{"_crdt_document":"","_exactmetrics_skip_tracking":false,"_exactmetrics_sitenote_active":false,"_exactmetrics_sitenote_note":"","_exactmetrics_sitenote_category":0,"footnotes":""},"categories":[31,1,27,69],"tags":[71,74,75,30],"class_list":["post-64587","post","type-post","status-publish","format-standard","has-post-thumbnail","hentry","category-politica","category-seguridad","category-sonora","category-ultimas-noticias","tag-alfonso-durazo","tag-hermosillo","tag-seguridad-publica","tag-sonora-tierra-de-oportunidades"],"_links":{"self":[{"href":"https:\/\/elpajaritonews.com\/index.php?rest_route=\/wp\/v2\/posts\/64587","targetHints":{"allow":["GET"]}}],"collection":[{"href":"https:\/\/elpajaritonews.com\/index.php?rest_route=\/wp\/v2\/posts"}],"about":[{"href":"https:\/\/elpajaritonews.com\/index.php?rest_route=\/wp\/v2\/types\/post"}],"author":[{"embeddable":true,"href":"https:\/\/elpajaritonews.com\/index.php?rest_route=\/wp\/v2\/users\/2"}],"replies":[{"embeddable":true,"href":"https:\/\/elpajaritonews.com\/index.php?rest_route=%2Fwp%2Fv2%2Fcomments&post=64587"}],"version-history":[{"count":1,"href":"https:\/\/elpajaritonews.com\/index.php?rest_route=\/wp\/v2\/posts\/64587\/revisions"}],"predecessor-version":[{"id":64589,"href":"https:\/\/elpajaritonews.com\/index.php?rest_route=\/wp\/v2\/posts\/64587\/revisions\/64589"}],"wp:featuredmedia":[{"embeddable":true,"href":"https:\/\/elpajaritonews.com\/index.php?rest_route=\/wp\/v2\/media\/64588"}],"wp:attachment":[{"href":"https:\/\/elpajaritonews.com\/index.php?rest_route=%2Fwp%2Fv2%2Fmedia&parent=64587"}],"wp:term":[{"taxonomy":"category","embeddable":true,"href":"https:\/\/elpajaritonews.com\/index.php?rest_route=%2Fwp%2Fv2%2Fcategories&post=64587"},{"taxonomy":"post_tag","embeddable":true,"href":"https:\/\/elpajaritonews.com\/index.php?rest_route=%2Fwp%2Fv2%2Ftags&post=64587"}],"curies":[{"name":"wp","href":"https:\/\/api.w.org\/{rel}","templated":true}]}}