{"id":64606,"date":"2025-03-07T16:41:26","date_gmt":"2025-03-07T23:41:26","guid":{"rendered":"https:\/\/elpajaritonews.com\/?p=64606"},"modified":"2025-03-07T16:41:28","modified_gmt":"2025-03-07T23:41:28","slug":"rogelio-ramirez-de-la-o-deja-finanzas-publicas-estables-edgar-amador-zamora-nuevo-titular-de-hacienda","status":"publish","type":"post","link":"https:\/\/elpajaritonews.com\/?p=64606","title":{"rendered":"ROGELIO RAM\u00cdREZ DE LA O DEJA FINANZAS P\u00daBLICAS ESTABLES, EDGAR AMADOR ZAMORA, NUEVO TITULAR DE HACIENDA"},"content":{"rendered":"\n<p class=\"wp-block-paragraph\">Rogelio Ram\u00edrez de la O, quien ya no ser\u00e1 titular de la Secretar\u00eda de Hacienda y Cr\u00e9dito P\u00fablico (SHCP), deja finanzas sanas e increment\u00f3 en la recaudaci\u00f3n, de acuerdo con datos oficiales.<\/p>\n\n\n\n<p class=\"wp-block-paragraph\">El ahora ex-funcionario ingres\u00f3 como titular de la dependencia en julio de 2021, durante el gobierno del presidente Andr\u00e9s Manuel L\u00f3pez Obrador, luego de que Arturo Herrera dej\u00f3 el cargo.<\/p>\n\n\n\n<figure class=\"wp-block-embed is-type-video is-provider-youtube wp-block-embed-youtube wp-embed-aspect-16-9 wp-has-aspect-ratio\"><div class=\"wp-block-embed__wrapper\">\n<iframe loading=\"lazy\" title=\"Edgar Amador Zamora, nuevo titular de la Secretar\u00eda de Hacienda y Cr\u00e9dito P\u00fablico\" width=\"640\" height=\"360\" src=\"https:\/\/www.youtube.com\/embed\/jDSi1LdIAC0?feature=oembed\" frameborder=\"0\" allow=\"accelerometer; autoplay; clipboard-write; encrypted-media; gyroscope; picture-in-picture; web-share\" referrerpolicy=\"strict-origin-when-cross-origin\" allowfullscreen><\/iframe>\n<\/div><\/figure>\n\n\n\n<p class=\"wp-block-paragraph\">Ram\u00edrez de la O fue el tercer titular de Hacienda en la pasada administraci\u00f3n y fue el primero en el gobierno de la presidenta Claudia Sheinbaum Pardo.<\/p>\n\n\n\n<p class=\"wp-block-paragraph\">Ram\u00edrez de la O cuenta con t\u00edtulos de doctorado en Econom\u00eda por la Universidad de Cambridge y licenciado en Econom\u00eda por la Universidad Nacional Aut\u00f3noma de M\u00e9xico.<\/p>\n\n\n\n<p class=\"wp-block-paragraph\">El economista se ha encargado de estabilizar la econom\u00eda en el pa\u00eds durante la llamada Cuarta Transformaci\u00f3n.<\/p>\n\n\n\n<p class=\"wp-block-paragraph\">Diversos organismos, como el Fondo Monetario Internacional (FMI), han reconocido el trabajo del ex funcionarios por mantener las finanzas p\u00fablicas sanas.<\/p>\n\n\n\n<p class=\"wp-block-paragraph\">Ram\u00edrez de la O tambi\u00e9n contribuy\u00f3 a mantener la pol\u00edtica de austeridad en el gobierno anterior y el actual.<\/p>\n\n\n\n<p class=\"wp-block-paragraph\">Si bien al cierre de 2024, el margen de la deuda p\u00fablica de M\u00e9xico respecto al producto interno bruto (PIB) fue de 51.4 por ciento, lo que represent\u00f3 un aumento de casi 5 puntos porcentuales en comparaci\u00f3n con a\u00f1os anteriores, las finanzas p\u00fablicas se mantuvieron estables y la deuda p\u00fablica contin\u00faa en una trayectoria sostenible.<\/p>\n\n\n\n<p class=\"wp-block-paragraph\">Al cierre de enero, Hacienda consider\u00f3 que la finanzas p\u00fablicas se mantuvieron sanas, con un crecimiento de los ingresos presupuestarios por encima de su promedio hist\u00f3rico y balances fiscales positivos. Acot\u00f3 que la deuda neta del sector p\u00fablico federal se situ\u00f3 en 17 billones 768 mil millones de pesos, monto que represent\u00f3 una variaci\u00f3n real de 13.3 por ciento frente a 2024.<\/p>\n\n\n\n<p class=\"wp-block-paragraph\">Durante su paso por el gobierno del presidente L\u00f3pez Obrador, Ram\u00edrez de la O destac\u00f3 por su intervenci\u00f3n para mejorar las finanzas de Petr\u00f3leos Mexicanos (Pemex), sobre todo para que la empresa estatal redujera la deuda financiera. Hasta el cierre de 2024, el monto de la deuda fue de se ubic\u00f3 en 97 mil 600 millones de d\u00f3lares, lo que se tradujo en una disminuci\u00f3n de 10.3 por ciento anual.<\/p>\n\n\n\n<p class=\"wp-block-paragraph\">Durante la gesti\u00f3n de Ram\u00edrez de la O se crearon el Paquete Contra la Inflaci\u00f3n y la Carest\u00eda (Pacic) con el fin de evitar da\u00f1os en el poder adquisitivo de la poblaci\u00f3n ante el encarecimiento de los alimentos por la guerra en Ucrania y la pandemia del covid 19.<\/p>\n\n\n\n<p class=\"wp-block-paragraph\">Edgar Amador Zamora, nuevo titular de Hacienda<\/p>\n\n\n\n<p class=\"wp-block-paragraph\">La presidenta Claudia Sheinbaum Pardo confirm\u00f3 este viernes que Rogelio Ram\u00edrez de la O dej\u00f3 la titularidad de la Secretar\u00eda de Hacienda y Cr\u00e9dito P\u00fablico (SHCP) para asumir un nuevo rol como asesor econ\u00f3mico en asuntos internacionales. En su lugar, asume el cargo Edgar Amador Zamora, quien hasta ahora se desempe\u00f1aba como subsecretario de Hacienda.<\/p>\n\n\n\n<p class=\"wp-block-paragraph\">En un video difundido en la plataforma X, Sheinbaum expres\u00f3 su gratitud a Ram\u00edrez de la O y destac\u00f3 su labor en la SHCP desde la administraci\u00f3n del expresidente Andr\u00e9s Manuel L\u00f3pez Obrador y su continuidad en el actual gobierno. \u00abLe he pedido que me ayude en una tarea muy especial como asesor econ\u00f3mico para asuntos internacionales. Es una tarea fundamental, particularmente por la relaci\u00f3n que tenemos con Estados Unidos\u00bb, se\u00f1al\u00f3 la mandataria.<\/p>\n\n\n\n<p class=\"wp-block-paragraph\">En el video mensaje, grabado en Palacio Nacional, Sheinbaum record\u00f3 que cuando asumi\u00f3 la presidencia invit\u00f3 a Ram\u00edrez de la O a seguir al frente de la SHCP, a lo que \u00e9l accedi\u00f3 hasta diciembre de 2024 y que prolong\u00f3 su permanencia en el gobierno hasta la fecha. \u00abNos ha ayudado mucho, ayud\u00f3 al presidente L\u00f3pez Obrador y ayud\u00f3 a M\u00e9xico\u00bb, enfatiz\u00f3.<\/p>\n\n\n\n<p class=\"wp-block-paragraph\">Por su parte, Ram\u00edrez de la O se despidi\u00f3 de la Secretar\u00eda de Hacienda y destac\u00f3 que su salida responde a compromisos familiares en el extranjero. \u00abEs un orgullo haber sido invitado a permanecer al frente de la SHCP por la primera mujer presidenta de M\u00e9xico\u00bb, afirm\u00f3. Tambi\u00e9n subray\u00f3 que en su gesti\u00f3n se prioriz\u00f3 a la poblaci\u00f3n m\u00e1s desprotegida y la estabilidad fiscal en un contexto de incertidumbre global.<\/p>\n\n\n\n<p class=\"wp-block-paragraph\">El nuevo titular de Hacienda, Edgar Amador Zamora, es economista por la UNAM y maestro en Econom\u00eda por el Colegio de M\u00e9xico. Ha trabajado en diversas instituciones financieras nacionales e internacionales, adem\u00e1s de haber sido asesor en el Banco de M\u00e9xico. En sus primeras declaraciones, reafirm\u00f3 su compromiso con la estabilidad macroecon\u00f3mica y financiera del pa\u00eds.<\/p>\n\n\n\n<p class=\"wp-block-paragraph\">\u00abEstamos comprometidos con la estabilidad de nuestra moneda y con el crecimiento econ\u00f3mico sobre bases s\u00f3lidas, alineados con los objetivos de la Cuarta Transformaci\u00f3n bajo el liderazgo de la presidenta Sheinbaum\u00bb, declar\u00f3 Amador Zamora.<\/p>\n\n\n\n<p class=\"wp-block-paragraph\">La mandataria finaliz\u00f3 el anuncio reconociendo la honestidad y profesionalismo de ambos economistas y destacando que la econom\u00eda de M\u00e9xico se mantiene fuerte, con un equipo de trabajo comprometido en la SHCP.<\/p>\n","protected":false},"excerpt":{"rendered":"<p>Rogelio Ram\u00edrez de la O, quien ya no ser\u00e1 titular de la Secretar\u00eda de Hacienda y Cr\u00e9dito P\u00fablico (SHCP), deja finanzas sanas e increment\u00f3 en la recaudaci\u00f3n, de acuerdo con datos oficiales. El ahora ex-funcionario ingres\u00f3 como titular de la dependencia en julio de 2021, durante el gobierno del presidente Andr\u00e9s Manuel L\u00f3pez Obrador, luego&#8230;<\/p>\n","protected":false},"author":2,"featured_media":64607,"comment_status":"closed","ping_status":"closed","sticky":false,"template":"","format":"standard","meta":{"_crdt_document":"","_exactmetrics_skip_tracking":false,"_exactmetrics_sitenote_active":false,"_exactmetrics_sitenote_note":"","_exactmetrics_sitenote_category":0,"footnotes":""},"categories":[36,23,31,27,69],"tags":[71,79,72],"class_list":["post-64606","post","type-post","status-publish","format-standard","has-post-thumbnail","hentry","category-economia","category-mexico","category-politica","category-sonora","category-ultimas-noticias","tag-alfonso-durazo","tag-andres-manuel-lopez-obrador","tag-claudia-sheinbaum"],"_links":{"self":[{"href":"https:\/\/elpajaritonews.com\/index.php?rest_route=\/wp\/v2\/posts\/64606","targetHints":{"allow":["GET"]}}],"collection":[{"href":"https:\/\/elpajaritonews.com\/index.php?rest_route=\/wp\/v2\/posts"}],"about":[{"href":"https:\/\/elpajaritonews.com\/index.php?rest_route=\/wp\/v2\/types\/post"}],"author":[{"embeddable":true,"href":"https:\/\/elpajaritonews.com\/index.php?rest_route=\/wp\/v2\/users\/2"}],"replies":[{"embeddable":true,"href":"https:\/\/elpajaritonews.com\/index.php?rest_route=%2Fwp%2Fv2%2Fcomments&post=64606"}],"version-history":[{"count":1,"href":"https:\/\/elpajaritonews.com\/index.php?rest_route=\/wp\/v2\/posts\/64606\/revisions"}],"predecessor-version":[{"id":64608,"href":"https:\/\/elpajaritonews.com\/index.php?rest_route=\/wp\/v2\/posts\/64606\/revisions\/64608"}],"wp:featuredmedia":[{"embeddable":true,"href":"https:\/\/elpajaritonews.com\/index.php?rest_route=\/wp\/v2\/media\/64607"}],"wp:attachment":[{"href":"https:\/\/elpajaritonews.com\/index.php?rest_route=%2Fwp%2Fv2%2Fmedia&parent=64606"}],"wp:term":[{"taxonomy":"category","embeddable":true,"href":"https:\/\/elpajaritonews.com\/index.php?rest_route=%2Fwp%2Fv2%2Fcategories&post=64606"},{"taxonomy":"post_tag","embeddable":true,"href":"https:\/\/elpajaritonews.com\/index.php?rest_route=%2Fwp%2Fv2%2Ftags&post=64606"}],"curies":[{"name":"wp","href":"https:\/\/api.w.org\/{rel}","templated":true}]}}