{"id":64609,"date":"2025-03-07T17:09:01","date_gmt":"2025-03-08T00:09:01","guid":{"rendered":"https:\/\/elpajaritonews.com\/?p=64609"},"modified":"2025-03-07T17:09:03","modified_gmt":"2025-03-08T00:09:03","slug":"se-reune-garcia-harfuch-con-director-del-fbi","status":"publish","type":"post","link":"https:\/\/elpajaritonews.com\/?p=64609","title":{"rendered":"SE RE\u00daNE GARC\u00cdA HARFUCH CON DIRECTOR DEL FBI"},"content":{"rendered":"\n<p class=\"wp-block-paragraph\">El secretario de Seguridad y Protecci\u00f3n Ciudadana, Omar Garc\u00eda Harfuch, sostuvo una reuni\u00f3n en la sede central del Bur\u00f3 Federal de Investigaciones (FBI) con su director, Kash Patel. En la reuni\u00f3n tambi\u00e9n estuvo Francisco Almaz\u00e1n Barocio, director general del Centro Nacional de Inteligencia (CNI).<\/p>\n\n\n\n<p class=\"wp-block-paragraph\">La reuni\u00f3n tuvo como objetivo principal fortalecer la colaboraci\u00f3n bilateral en materia de justicia y seguridad comunitaria, y se produce tras la reciente entrega de 29 narcotraficantes, entre ellos ocho sujetos de inter\u00e9s para el FBI, por parte del gobierno mexicano a las autoridades estadunidenses.<\/p>\n\n\n\n<p class=\"wp-block-paragraph\">M\u00e1s informaci\u00f3n en breve&#8230;<\/p>\n","protected":false},"excerpt":{"rendered":"<p>El secretario de Seguridad y Protecci\u00f3n Ciudadana, Omar Garc\u00eda Harfuch, sostuvo una reuni\u00f3n en la sede central del Bur\u00f3 Federal de Investigaciones (FBI) con su director, Kash Patel. En la reuni\u00f3n tambi\u00e9n estuvo Francisco Almaz\u00e1n Barocio, director general del Centro Nacional de Inteligencia (CNI). La reuni\u00f3n tuvo como objetivo principal fortalecer la colaboraci\u00f3n bilateral en&#8230;<\/p>\n","protected":false},"author":2,"featured_media":64610,"comment_status":"closed","ping_status":"closed","sticky":false,"template":"","format":"standard","meta":{"_crdt_document":"","_exactmetrics_skip_tracking":false,"_exactmetrics_sitenote_active":false,"_exactmetrics_sitenote_note":"","_exactmetrics_sitenote_category":0,"footnotes":""},"categories":[89,88,23,31,1,27,69],"tags":[72,151,150,75],"class_list":["post-64609","post","type-post","status-publish","format-standard","has-post-thumbnail","hentry","category-estados-unidos","category-justicia","category-mexico","category-politica","category-seguridad","category-sonora","category-ultimas-noticias","tag-claudia-sheinbaum","tag-fbi","tag-omar-garcia-harfuch","tag-seguridad-publica"],"_links":{"self":[{"href":"https:\/\/elpajaritonews.com\/index.php?rest_route=\/wp\/v2\/posts\/64609","targetHints":{"allow":["GET"]}}],"collection":[{"href":"https:\/\/elpajaritonews.com\/index.php?rest_route=\/wp\/v2\/posts"}],"about":[{"href":"https:\/\/elpajaritonews.com\/index.php?rest_route=\/wp\/v2\/types\/post"}],"author":[{"embeddable":true,"href":"https:\/\/elpajaritonews.com\/index.php?rest_route=\/wp\/v2\/users\/2"}],"replies":[{"embeddable":true,"href":"https:\/\/elpajaritonews.com\/index.php?rest_route=%2Fwp%2Fv2%2Fcomments&post=64609"}],"version-history":[{"count":1,"href":"https:\/\/elpajaritonews.com\/index.php?rest_route=\/wp\/v2\/posts\/64609\/revisions"}],"predecessor-version":[{"id":64611,"href":"https:\/\/elpajaritonews.com\/index.php?rest_route=\/wp\/v2\/posts\/64609\/revisions\/64611"}],"wp:featuredmedia":[{"embeddable":true,"href":"https:\/\/elpajaritonews.com\/index.php?rest_route=\/wp\/v2\/media\/64610"}],"wp:attachment":[{"href":"https:\/\/elpajaritonews.com\/index.php?rest_route=%2Fwp%2Fv2%2Fmedia&parent=64609"}],"wp:term":[{"taxonomy":"category","embeddable":true,"href":"https:\/\/elpajaritonews.com\/index.php?rest_route=%2Fwp%2Fv2%2Fcategories&post=64609"},{"taxonomy":"post_tag","embeddable":true,"href":"https:\/\/elpajaritonews.com\/index.php?rest_route=%2Fwp%2Fv2%2Ftags&post=64609"}],"curies":[{"name":"wp","href":"https:\/\/api.w.org\/{rel}","templated":true}]}}