{"id":64619,"date":"2025-03-07T18:21:15","date_gmt":"2025-03-08T01:21:15","guid":{"rendered":"https:\/\/elpajaritonews.com\/?p=64619"},"modified":"2025-03-07T18:21:16","modified_gmt":"2025-03-08T01:21:16","slug":"celebra-congreso-de-sonora-el-septimo-parlamento-de-las-mujeres-sonorenses","status":"publish","type":"post","link":"https:\/\/elpajaritonews.com\/?p=64619","title":{"rendered":"CELEBRA CONGRESO DE SONORA EL S\u00c9PTIMO PARLAMENTO DE LAS MUJERES SONORENSES"},"content":{"rendered":"\n<p class=\"wp-block-paragraph\">Con el prop\u00f3sito de debatir, revisar y promover una agenda legislativa enfocada en la equidad de g\u00e9nero y la erradicaci\u00f3n de toda forma de violencia y discriminaci\u00f3n, el Congreso de Sonora, a trav\u00e9s de la Comisi\u00f3n para la Igualdad de G\u00e9nero, llev\u00f3 a cabo el S\u00e9ptimo Parlamento de las Mujeres Sonorenses, con la participaci\u00f3n de m\u00e1s de un centenar de asistentes.<\/p>\n\n\n\n<p class=\"wp-block-paragraph\">Al dar la bienvenida, la diputada Alicia Gayt\u00e1n S\u00e1nchez (Morena), acompa\u00f1ada por la senadora Lorenia Valles Sampedro (Morena) y la subsecretaria de Desarrollo Pol\u00edtico del Gobierno de Sonora, Bernardeth Ruiz Romero, destac\u00f3 la lucha hist\u00f3rica de las mujeres por la igualdad de oportunidades, la eliminaci\u00f3n de la violencia de g\u00e9nero y su papel en la construcci\u00f3n de pol\u00edticas p\u00fablicas con perspectiva de g\u00e9nero.<\/p>\n\n\n\n<p class=\"wp-block-paragraph\">Por su parte, el presidente del Congreso, diputado Omar Del Valle Colosio (PVEM), reafirm\u00f3 el compromiso del Poder Legislativo de seguir impulsando iniciativas que garanticen el respeto, la inclusi\u00f3n y la equidad para todas las mujeres en la entidad. Adem\u00e1s, se\u00f1al\u00f3 que el Parlamento de las Mujeres es un espacio fundamental para el desarrollo de propuestas que impacten positivamente a la sociedad sonorense.<\/p>\n\n\n\n<p class=\"wp-block-paragraph\">Las participantes trabajaron en cuatro mesas tem\u00e1ticas: Sistema de autocuidados y edadismo, Acceso de las mujeres a una salud sexual y reproductiva, Acceso a una educaci\u00f3n y prevenci\u00f3n de la trata de ni\u00f1as y j\u00f3venes en medios digitales, y Desarrollo econ\u00f3mico y emprendimiento con perspectiva de g\u00e9nero, donde compartieron experiencias y plantearon propuestas encaminadas a la construcci\u00f3n de pol\u00edticas p\u00fablicas m\u00e1s efectivas para mejorar la calidad de vida de las mujeres.<\/p>\n\n\n\n<p class=\"wp-block-paragraph\">Las integrantes de la mesa de trabajo sobre sistemas de autocuidados propusieron la promoci\u00f3n de programas de concientizaci\u00f3n dirigidos a personas adultas mayores y el acceso gratuito a servicios de salud. Tambi\u00e9n sugirieron fomentar la prevenci\u00f3n del c\u00e1ncer entre las y los estudiantes y organizar un parlamento abierto para discutir la iniciativa de Ley que Crea el Sistema Integral de Cuidados.<\/p>\n\n\n\n<p class=\"wp-block-paragraph\">Entre los resultados de la mesa de salud sexual y reproductiva, se plante\u00f3 la implementaci\u00f3n de campa\u00f1as permanentes en la materia, as\u00ed como la creaci\u00f3n de la Ley de Menstruaci\u00f3n Digna, con el objetivo de garantizar el acceso gratuito o a bajo costo a productos de higiene menstrual. Adem\u00e1s, se propuso una reforma a la Ley de Salud para establecer el servicio de aborto gratuito.<\/p>\n\n\n\n<p class=\"wp-block-paragraph\">En la tercera mesa, se discuti\u00f3 la necesidad de implementar campa\u00f1as sobre los distintos tipos de violencia hacia mujeres y ni\u00f1as en el \u00e1mbito digital, promover la cultura de la denuncia, legislar a nivel local para incluir el t\u00e9rmino \u201cviolencia digital\u201d, ofrecer capacitaci\u00f3n sobre el uso de redes sociales y tecnolog\u00edas, y fortalecer las instituciones de protecci\u00f3n infantil.<\/p>\n\n\n\n<p class=\"wp-block-paragraph\">Finalmente, en materia de desarrollo econ\u00f3mico, se plante\u00f3 otorgar incentivos fiscales a las empresas que demuestren avances significativos en la promoci\u00f3n de mujeres en puestos estrat\u00e9gicos y de liderazgo, as\u00ed como incluir campa\u00f1as de capacitaci\u00f3n para concientizar sobre la igualdad salarial.<\/p>\n\n\n\n<p class=\"wp-block-paragraph\">Al concluir el evento, las integrantes de la Comisi\u00f3n para la Igualdad de G\u00e9nero expresaron su compromiso de analizar a fondo las propuestas presentadas, con el objetivo de evaluar su viabilidad y trabajar en su implementaci\u00f3n.<\/p>\n","protected":false},"excerpt":{"rendered":"<p>Con el prop\u00f3sito de debatir, revisar y promover una agenda legislativa enfocada en la equidad de g\u00e9nero y la erradicaci\u00f3n de toda forma de violencia y discriminaci\u00f3n, el Congreso de Sonora, a trav\u00e9s de la Comisi\u00f3n para la Igualdad de G\u00e9nero, llev\u00f3 a cabo el S\u00e9ptimo Parlamento de las Mujeres Sonorenses, con la participaci\u00f3n de&#8230;<\/p>\n","protected":false},"author":2,"featured_media":64620,"comment_status":"closed","ping_status":"closed","sticky":false,"template":"","format":"standard","meta":{"_crdt_document":"","_exactmetrics_skip_tracking":false,"_exactmetrics_sitenote_active":false,"_exactmetrics_sitenote_note":"","_exactmetrics_sitenote_category":0,"footnotes":""},"categories":[20,26,31,27],"tags":[73],"class_list":["post-64619","post","type-post","status-publish","format-standard","has-post-thumbnail","hentry","category-congreso","category-local","category-politica","category-sonora","tag-congreso-del-estado-de-sonora"],"_links":{"self":[{"href":"https:\/\/elpajaritonews.com\/index.php?rest_route=\/wp\/v2\/posts\/64619","targetHints":{"allow":["GET"]}}],"collection":[{"href":"https:\/\/elpajaritonews.com\/index.php?rest_route=\/wp\/v2\/posts"}],"about":[{"href":"https:\/\/elpajaritonews.com\/index.php?rest_route=\/wp\/v2\/types\/post"}],"author":[{"embeddable":true,"href":"https:\/\/elpajaritonews.com\/index.php?rest_route=\/wp\/v2\/users\/2"}],"replies":[{"embeddable":true,"href":"https:\/\/elpajaritonews.com\/index.php?rest_route=%2Fwp%2Fv2%2Fcomments&post=64619"}],"version-history":[{"count":1,"href":"https:\/\/elpajaritonews.com\/index.php?rest_route=\/wp\/v2\/posts\/64619\/revisions"}],"predecessor-version":[{"id":64621,"href":"https:\/\/elpajaritonews.com\/index.php?rest_route=\/wp\/v2\/posts\/64619\/revisions\/64621"}],"wp:featuredmedia":[{"embeddable":true,"href":"https:\/\/elpajaritonews.com\/index.php?rest_route=\/wp\/v2\/media\/64620"}],"wp:attachment":[{"href":"https:\/\/elpajaritonews.com\/index.php?rest_route=%2Fwp%2Fv2%2Fmedia&parent=64619"}],"wp:term":[{"taxonomy":"category","embeddable":true,"href":"https:\/\/elpajaritonews.com\/index.php?rest_route=%2Fwp%2Fv2%2Fcategories&post=64619"},{"taxonomy":"post_tag","embeddable":true,"href":"https:\/\/elpajaritonews.com\/index.php?rest_route=%2Fwp%2Fv2%2Ftags&post=64619"}],"curies":[{"name":"wp","href":"https:\/\/api.w.org\/{rel}","templated":true}]}}