{"id":64668,"date":"2025-03-09T18:54:50","date_gmt":"2025-03-10T01:54:50","guid":{"rendered":"https:\/\/elpajaritonews.com\/?p=64668"},"modified":"2025-03-09T18:54:52","modified_gmt":"2025-03-10T01:54:52","slug":"extradita-mexico-a-eu-a-jorge-alberto-soto-ligado-al-cartel-de-sinaloa","status":"publish","type":"post","link":"https:\/\/elpajaritonews.com\/?p=64668","title":{"rendered":"EXTRADITA M\u00c9XICO A EU A JORGE ALBERTO SOTO, LIGADO AL C\u00c1RTEL DE SINALOA"},"content":{"rendered":"\n<p class=\"wp-block-paragraph\">El gobierno de M\u00e9xico entreg\u00f3 a Estados Unidos a Jorge Alberto Soto Rodas, alias La Gorda, presunto miembro de una organizaci\u00f3n transnacional con base en M\u00e9xico, que est\u00e1 ligada al C\u00e1rtel de Sinaloa.<\/p>\n\n\n\n<p class=\"wp-block-paragraph\">La Fiscal\u00eda General de la Rep\u00fablica (FGR) inform\u00f3 este domingo que, en cumplimiento al Tratado de Extradici\u00f3n firmado entre M\u00e9xico y los Estados Unidos de Am\u00e9rica, entregaron al gobierno estadounidense a dicha persona de nacionalidad mexicana, que era considerado fugitivo y requerido por la Corte Federal para el Distrito Este de Texas, por los delitos de asociaci\u00f3n delictuosa y contra la salud.<\/p>\n\n\n\n<p class=\"wp-block-paragraph\">\u201cJorge \u201cS\u201d, era miembro de una organizaci\u00f3n, la cual ten\u00eda su base en M\u00e9xico, era el responsable de adquirir, transportar y traficar droga desde Guatemala hasta M\u00e9xico, y luego a los Estados Unidos\u201d, destac\u00f3 la FGR.<\/p>\n\n\n\n<p class=\"wp-block-paragraph\">Soto Rodas fue detenido en 2023 en el estado de Puebla. Tras las gestiones de la FGR, el gobierno de M\u00e9xico concedi\u00f3 su extradici\u00f3n a EU.<\/p>\n\n\n\n<p class=\"wp-block-paragraph\">Su entrega se realiz\u00f3 en el Aeropuerto Internacional de Toluca, Estado de M\u00e9xico, a los agentes estadounidenses designados para su traslado a ese pa\u00eds.<\/p>\n","protected":false},"excerpt":{"rendered":"<p>El gobierno de M\u00e9xico entreg\u00f3 a Estados Unidos a Jorge Alberto Soto Rodas, alias La Gorda, presunto miembro de una organizaci\u00f3n transnacional con base en M\u00e9xico, que est\u00e1 ligada al C\u00e1rtel de Sinaloa. La Fiscal\u00eda General de la Rep\u00fablica (FGR) inform\u00f3 este domingo que, en cumplimiento al Tratado de Extradici\u00f3n firmado entre M\u00e9xico y los&#8230;<\/p>\n","protected":false},"author":2,"featured_media":64669,"comment_status":"closed","ping_status":"closed","sticky":false,"template":"","format":"standard","meta":{"_crdt_document":"","_exactmetrics_skip_tracking":false,"_exactmetrics_sitenote_active":false,"_exactmetrics_sitenote_note":"","_exactmetrics_sitenote_category":0,"footnotes":""},"categories":[80,89,88,23,31,1,27,69],"tags":[86,87,28,75],"class_list":["post-64668","post","type-post","status-publish","format-standard","has-post-thumbnail","hentry","category-derechos-humanos","category-estados-unidos","category-justicia","category-mexico","category-politica","category-seguridad","category-sonora","category-ultimas-noticias","tag-donald-trump","tag-estados-unidos","tag-nogales","tag-seguridad-publica"],"_links":{"self":[{"href":"https:\/\/elpajaritonews.com\/index.php?rest_route=\/wp\/v2\/posts\/64668","targetHints":{"allow":["GET"]}}],"collection":[{"href":"https:\/\/elpajaritonews.com\/index.php?rest_route=\/wp\/v2\/posts"}],"about":[{"href":"https:\/\/elpajaritonews.com\/index.php?rest_route=\/wp\/v2\/types\/post"}],"author":[{"embeddable":true,"href":"https:\/\/elpajaritonews.com\/index.php?rest_route=\/wp\/v2\/users\/2"}],"replies":[{"embeddable":true,"href":"https:\/\/elpajaritonews.com\/index.php?rest_route=%2Fwp%2Fv2%2Fcomments&post=64668"}],"version-history":[{"count":1,"href":"https:\/\/elpajaritonews.com\/index.php?rest_route=\/wp\/v2\/posts\/64668\/revisions"}],"predecessor-version":[{"id":64670,"href":"https:\/\/elpajaritonews.com\/index.php?rest_route=\/wp\/v2\/posts\/64668\/revisions\/64670"}],"wp:featuredmedia":[{"embeddable":true,"href":"https:\/\/elpajaritonews.com\/index.php?rest_route=\/wp\/v2\/media\/64669"}],"wp:attachment":[{"href":"https:\/\/elpajaritonews.com\/index.php?rest_route=%2Fwp%2Fv2%2Fmedia&parent=64668"}],"wp:term":[{"taxonomy":"category","embeddable":true,"href":"https:\/\/elpajaritonews.com\/index.php?rest_route=%2Fwp%2Fv2%2Fcategories&post=64668"},{"taxonomy":"post_tag","embeddable":true,"href":"https:\/\/elpajaritonews.com\/index.php?rest_route=%2Fwp%2Fv2%2Ftags&post=64668"}],"curies":[{"name":"wp","href":"https:\/\/api.w.org\/{rel}","templated":true}]}}