{"id":64715,"date":"2025-03-11T16:33:31","date_gmt":"2025-03-11T23:33:31","guid":{"rendered":"https:\/\/elpajaritonews.com\/?p=64715"},"modified":"2025-03-11T16:33:33","modified_gmt":"2025-03-11T23:33:33","slug":"congreso-de-sonora-analiza-reformas-en-seguridad-vial-derechos-de-la-ninez-migracion-y-obligaciones-alimentarias","status":"publish","type":"post","link":"https:\/\/elpajaritonews.com\/?p=64715","title":{"rendered":"CONGRESO DE SONORA ANALIZA REFORMAS EN SEGURIDAD VIAL, DERECHOS DE LA NI\u00d1EZ, MIGRACI\u00d3N Y OBLIGACIONES ALIMENTARIAS"},"content":{"rendered":"\n<p class=\"wp-block-paragraph\">Con el objetivo de fortalecer la seguridad vial, agilizar los procesos de adopci\u00f3n y p\u00e9rdida de patria potestad, garantizar los derechos de las personas migrantes y mejorar la protecci\u00f3n de ni\u00f1as, ni\u00f1os y adolescentes en materia de obligaciones alimentarias, el Pleno del Congreso de Sonora turn\u00f3 a comisiones diversas iniciativas. Asimismo, se present\u00f3 un posicionamiento sobre la situaci\u00f3n del campo en la entidad.<\/p>\n\n\n\n<figure class=\"wp-block-embed is-type-video is-provider-youtube wp-block-embed-youtube wp-embed-aspect-16-9 wp-has-aspect-ratio\"><div class=\"wp-block-embed__wrapper\">\n<iframe loading=\"lazy\" title=\"11 de Marzo 2025 - Sesi\u00f3n Ordinaria\" width=\"640\" height=\"360\" src=\"https:\/\/www.youtube.com\/embed\/n8zH52wsNvk?feature=oembed\" frameborder=\"0\" allow=\"accelerometer; autoplay; clipboard-write; encrypted-media; gyroscope; picture-in-picture; web-share\" referrerpolicy=\"strict-origin-when-cross-origin\" allowfullscreen><\/iframe>\n<\/div><\/figure>\n\n\n\n<p class=\"wp-block-paragraph\">El diputado Pr\u00f3spero Valenzuela M\u00fa\u00f1er (Morena) present\u00f3 una iniciativa de reforma a la Ley de Tr\u00e1nsito estatal, cuyo prop\u00f3sito es armonizar conceptos con la Ley de Movilidad y Seguridad Vial del Estado de Sonora para garantizar la integridad de las personas involucradas en siniestros viales. La propuesta busca asegurar la responsabilidad civil de las personas involucradas mediante la contrataci\u00f3n obligatoria de una p\u00f3liza de seguro vigente que cubra da\u00f1os f\u00edsicos, lesiones y perjuicios materiales a terceros.<\/p>\n\n\n\n<p class=\"wp-block-paragraph\">En materia de adopci\u00f3n y patria potestad, el diputado Ren\u00e9 Edmundo Garc\u00eda Rojo (PT) propuso una iniciativa de reforma al C\u00f3digo de Familia, cuyo objetivo es agilizar los procesos de adopci\u00f3n y p\u00e9rdida de patria potestad para evitar retrasos injustificados. La iniciativa establece la p\u00e9rdida de este derecho en casos de ausencia injustificada por m\u00e1s de 30 d\u00edas o incumplimiento de obligaciones alimentarias por un periodo de 90 d\u00edas, garantizando as\u00ed entornos familiares estables y seguros para la ni\u00f1ez.<\/p>\n\n\n\n<p class=\"wp-block-paragraph\">Por su parte, la diputada Claudia Zulema Bours Corral (PVEM) present\u00f3 una iniciativa de reforma al C\u00f3digo de Familia para establecer la p\u00e9rdida autom\u00e1tica de la patria potestad de personas responsables del delito de violencia vicaria, asegurando as\u00ed la protecci\u00f3n y el bienestar de ni\u00f1as, ni\u00f1os y adolescentes.<\/p>\n\n\n\n<p class=\"wp-block-paragraph\">En representaci\u00f3n del grupo parlamentario de Movimiento Ciudadano, el diputado Jes\u00fas Manuel Scott S\u00e1nchez present\u00f3 la iniciativa de Ley para la Atenci\u00f3n y Protecci\u00f3n de los Derechos de las Personas Migrantes, la cual propone la creaci\u00f3n del Consejo Estatal de Asuntos Migratorios para coordinar pol\u00edticas y acciones en materia migratoria. Adem\u00e1s, busca asignar recursos progresivos, fomentar la colaboraci\u00f3n interinstitucional, garantizar el acceso a derechos fundamentales y ofrecer incentivos a organizaciones que apoyen a migrantes.<\/p>\n\n\n\n<p class=\"wp-block-paragraph\">La diputada Deni Gast\u00e9lum Barreras y el diputado Sebasti\u00e1n Antonio Ordu\u00f1o Fragoza (Morena) dieron lectura a la iniciativa de reforma a la Ley de los Derechos de Ni\u00f1as, Ni\u00f1os y Adolescentes del Estado de Sonora, con el prop\u00f3sito de integrar a Sonora al Registro Nacional de Obligaciones Alimentarias. Esta medida busca garantizar el cumplimiento oportuno de dichas obligaciones y facilitar la aplicaci\u00f3n de sanciones a deudores, incluyendo restricciones en tr\u00e1mites y acceso a servicios.<\/p>\n\n\n\n<p class=\"wp-block-paragraph\">Las iniciativas fueron turnadas a las comisiones de Movilidad y Seguridad Vial, Justicia y Derechos Humanos, Asuntos Fronterizos y Atenci\u00f3n a Migrantes, y Derechos de la Ni\u00f1ez, Adolescencia y Juventud para su an\u00e1lisis y, en su caso, dictaminaci\u00f3n.<\/p>\n\n\n\n<p class=\"wp-block-paragraph\">Finalmente, el diputado Jes\u00fas Tadeo Mend\u00edvil Valenzuela (Morena) present\u00f3 un posicionamiento sobre la situaci\u00f3n del campo en Sonora, en el que destac\u00f3 la necesidad de fortalecer el apoyo a productores locales y mejorar las condiciones del sector agropecuario.<\/p>\n\n\n\n<p class=\"wp-block-paragraph\">La presidencia convoc\u00f3 a sesi\u00f3n ordinaria el jueves 13 de marzo a las 10:00 horas.<\/p>\n","protected":false},"excerpt":{"rendered":"<p>Con el objetivo de fortalecer la seguridad vial, agilizar los procesos de adopci\u00f3n y p\u00e9rdida de patria potestad, garantizar los derechos de las personas migrantes y mejorar la protecci\u00f3n de ni\u00f1as, ni\u00f1os y adolescentes en materia de obligaciones alimentarias, el Pleno del Congreso de Sonora turn\u00f3 a comisiones diversas iniciativas. Asimismo, se present\u00f3 un posicionamiento&#8230;<\/p>\n","protected":false},"author":2,"featured_media":64716,"comment_status":"closed","ping_status":"closed","sticky":false,"template":"","format":"standard","meta":{"_crdt_document":"","_exactmetrics_skip_tracking":false,"_exactmetrics_sitenote_active":false,"_exactmetrics_sitenote_note":"","_exactmetrics_sitenote_category":0,"footnotes":""},"categories":[20,26,31,27,69,65],"tags":[73],"class_list":["post-64715","post","type-post","status-publish","format-standard","has-post-thumbnail","hentry","category-congreso","category-local","category-politica","category-sonora","category-ultimas-noticias","category-videos","tag-congreso-del-estado-de-sonora"],"_links":{"self":[{"href":"https:\/\/elpajaritonews.com\/index.php?rest_route=\/wp\/v2\/posts\/64715","targetHints":{"allow":["GET"]}}],"collection":[{"href":"https:\/\/elpajaritonews.com\/index.php?rest_route=\/wp\/v2\/posts"}],"about":[{"href":"https:\/\/elpajaritonews.com\/index.php?rest_route=\/wp\/v2\/types\/post"}],"author":[{"embeddable":true,"href":"https:\/\/elpajaritonews.com\/index.php?rest_route=\/wp\/v2\/users\/2"}],"replies":[{"embeddable":true,"href":"https:\/\/elpajaritonews.com\/index.php?rest_route=%2Fwp%2Fv2%2Fcomments&post=64715"}],"version-history":[{"count":1,"href":"https:\/\/elpajaritonews.com\/index.php?rest_route=\/wp\/v2\/posts\/64715\/revisions"}],"predecessor-version":[{"id":64717,"href":"https:\/\/elpajaritonews.com\/index.php?rest_route=\/wp\/v2\/posts\/64715\/revisions\/64717"}],"wp:featuredmedia":[{"embeddable":true,"href":"https:\/\/elpajaritonews.com\/index.php?rest_route=\/wp\/v2\/media\/64716"}],"wp:attachment":[{"href":"https:\/\/elpajaritonews.com\/index.php?rest_route=%2Fwp%2Fv2%2Fmedia&parent=64715"}],"wp:term":[{"taxonomy":"category","embeddable":true,"href":"https:\/\/elpajaritonews.com\/index.php?rest_route=%2Fwp%2Fv2%2Fcategories&post=64715"},{"taxonomy":"post_tag","embeddable":true,"href":"https:\/\/elpajaritonews.com\/index.php?rest_route=%2Fwp%2Fv2%2Ftags&post=64715"}],"curies":[{"name":"wp","href":"https:\/\/api.w.org\/{rel}","templated":true}]}}